{"id":2760,"date":"2024-12-30T15:21:10","date_gmt":"2024-12-30T14:21:10","guid":{"rendered":"https:\/\/allomouton.com\/mag\/?p=2760"},"modified":"2026-04-06T12:17:59","modified_gmt":"2026-04-06T10:17:59","slug":"burn-out-maternel-islam","status":"publish","type":"post","link":"https:\/\/allomouton.com\/mag\/burn-out-maternel-islam\/","title":{"rendered":"Le burn-out maternel et Islam : comprendre et pr\u00e9venir."},"content":{"rendered":"\n<h2 class=\"wp-block-heading\">La maternit\u00e9 entre noblesse et \u00e9preuves\n\n<\/h2>\n\n\n\n<p>\u00catre m\u00e8re est souvent pr\u00e9sent\u00e9 comme l\u2019un des r\u00f4les les plus gratifiants de la vie, mais il est aussi l\u2019un des plus exigeants. Les m\u00e8res musulmanes, en particulier, jonglent avec des responsabilit\u00e9s multiples.<\/p>\n\n\n\n<p><em><strong>Le burn-out maternel n\u2019est pas un signe de faiblesse. C\u2019est une r\u00e9action humaine \u00e0 une surcharge prolong\u00e9e.\u00a0<\/strong><\/em><\/p>\n\n\n\n<p>Entre les nuits sans sommeil, les exigences des enfants, les responsabilit\u00e9s domestiques et, pour certaines, les obligations professionnelles, de nombreuses femmes se retrouvent au bord de l\u2019\u00e9puisement. Ce ph\u00e9nom\u00e8ne, connu sous le nom de burn-out maternel, touche aussi les m\u00e8res musulmanes, qui jonglent souvent avec des attentes culturelles, religieuses et sociales.<\/p>\n\n\n\n<p>Cet article approfondit la question du burn-out maternel sous plusieurs angles : psychologique, spirituel, g\u00e9n\u00e9tique et social. Il s\u2019appuie sur des enseignements islamiques, des \u00e9tudes scientifiques et des conseils pratiques pour guider les m\u00e8res musulmanes vivant en France, tout en int\u00e9grant une r\u00e9flexion sur le r\u00f4le du p\u00e8re et de la communaut\u00e9.<\/p>\n\n\n\n<hr class=\"wp-block-separator\"\/>\n\n\n\n<h2 class=\"wp-block-heading\">Qu\u2019est-ce que le burn-out maternel ?<\/h2>\n\n\n\n<div class=\"bloc-info\">\n<strong>\u00c0 retenir<\/strong>\nLe burn-out maternel n&rsquo;est pas une faiblesse mais une r\u00e9action naturelle \u00e0 une surcharge prolong\u00e9e : en France, 7 m\u00e8res sur 10 se sentent d\u00e9bord\u00e9es. Les m\u00e8res musulmanes font face \u00e0 des attentes suppl\u00e9mentaires (religieuses, culturelles, sociales) qui intensifient l&rsquo;\u00e9puisement. Reconna\u00eetre cet \u00e9tat et chercher du soutien\u2014au sein de la famille, de la communaut\u00e9 ou aupr\u00e8s de professionnels\u2014est le premier pas pour s&rsquo;en sortir.\n<\/div>\n\n\n\n<p>Le burn-out maternel est un \u00e9tat d\u2019\u00e9puisement chronique caus\u00e9 par une surcharge prolong\u00e9e de responsabilit\u00e9s parentales. Il ne s\u2019agit pas seulement d\u2019un stress passager, mais d\u2019un d\u00e9s\u00e9quilibre qui affecte profond\u00e9ment la sant\u00e9 mentale, physique et \u00e9motionnelle.<\/p>\n\n\n\n<h5 class=\"wp-block-heading\"><strong>Chiffres Cl\u00e9s<\/strong><\/h5>\n\n\n\n<ul class=\"wp-block-list\"><li>Selon une \u00e9tude men\u00e9e par l\u2019Universit\u00e9 Catholique de Louvain, environ <strong>12% des m\u00e8res<\/strong> dans les pays occidentaux souffrent de burn-out maternel s\u00e9v\u00e8re.<\/li><li>En France, une enqu\u00eate de l\u2019Observatoire de la Parentalit\u00e9 montre que <strong>7 m\u00e8res sur 10<\/strong> d\u00e9clarent se sentir d\u00e9bord\u00e9es au quotidien.<\/li><\/ul>\n\n\n\n<h5 class=\"wp-block-heading\"><strong>Les phases du burn-out maternel<\/strong><\/h5>\n\n\n\n<ol class=\"wp-block-list\"><li><strong>Phase de Surmenage<\/strong> : La m\u00e8re tente de tout g\u00e9rer seule, jusqu\u2019\u00e0 l\u2019\u00e9puisement.<\/li><li><strong>Phase d\u2019\u00c9puisement<\/strong> : La fatigue devient constante, accompagn\u00e9e de stress chronique.<\/li><li><strong>Phase de D\u00e9tachement<\/strong> : La m\u00e8re ressent une d\u00e9connexion \u00e9motionnelle envers ses enfants ou son conjoint.<\/li><\/ol>\n\n\n\n<h5 class=\"wp-block-heading\"><strong>\u00c9tude de cas : Sarah, m\u00e8re de 3 enfants<\/strong><\/h5>\n\n\n\n<p>Sarah, 35 ans, vit en r\u00e9gion parisienne avec ses trois enfants. Entre les trajets scolaires, les repas, les devoirs et son emploi \u00e0 mi-temps, elle se sent constamment d\u00e9bord\u00e9e. \u00ab\u00a0Je me r\u00e9veille d\u00e9j\u00e0 fatigu\u00e9e, et je me couche avec la sensation de ne jamais en faire assez\u00a0\u00bb, confie-t-elle.<\/p>\n\n\n\n<p>Ce sentiment est amplifi\u00e9 par les r\u00e9seaux sociaux. \u00ab\u00a0Quand je vois d\u2019autres m\u00e8res poster des photos de leurs enfants toujours bien habill\u00e9s, de leurs maisons impeccables et de leurs repas parfaits, je me sens encore plus coupable\u00a0\u00bb, ajoute Sarah.<\/p>\n\n\n\n<hr class=\"wp-block-separator\"\/>\n\n\n\n<figure class=\"wp-block-image\"><a href=\"https:\/\/allomouton.com\/categories\/naissance\"><img decoding=\"async\" src=\"https:\/\/allomouton.com\/mag\/wp-content\/uploads\/2025\/03\/CTA_AM_CampagneAqiqa.png\" alt=\"\"\/><\/a><\/figure>\n\n\n\n<h2 class=\"wp-block-heading\">Les causes du burn-out maternel chez les m\u00e8res musulmanes en France<\/h2>\n\n\n\n<h5 class=\"wp-block-heading\"><strong>Pressions sociales et culturelles<\/strong><\/h5>\n\n\n\n<p>Les m\u00e8res musulmanes jonglent souvent entre deux mondes : respecter les traditions islamiques tout en s\u2019int\u00e9grant dans une soci\u00e9t\u00e9 occidentale.<\/p>\n\n\n\n<p><em><strong>Exemple :<\/strong> <\/em>Une m\u00e8re peut se sentir coupable de ne pas cuisiner des plats traditionnels pour ses enfants tout en essayant de g\u00e9rer un emploi du temps charg\u00e9.<\/p>\n\n\n\n<h5 class=\"wp-block-heading\"><strong>Manque de soutien communautaire<\/strong><\/h5>\n\n\n\n<p>Historiquement, les femmes musulmanes b\u00e9n\u00e9ficiaient d\u2019un r\u00e9seau de soutien. Dans de nombreuses cultures musulmanes, il \u00e9tait courant d\u2019avoir des femmes qui aidaient \u00e0 l\u2019allaitement (comme les nourrices) ou des proches qui soutenaient les nouvelles m\u00e8res. Aujourd\u2019hui, ce r\u00e9seau s\u2019est souvent \u00e9tiol\u00e9, laissant les m\u00e8res isol\u00e9es.<\/p>\n\n\n\n<h5 class=\"wp-block-heading\"><strong>Facteurs biologiques et hormonaux<\/strong><\/h5>\n\n\n\n<p>Apr\u00e8s l\u2019accouchement, les fluctuations hormonales, comme la baisse d\u2019ocytocine et l\u2019augmentation du cortisol, augmentent le risque de d\u00e9pression post-partum et de burn-out. C&rsquo;est aussi apr\u00e8s la naissance que se pratique le <a href=\"\/mag\/aqiqa-sacrifice-naissance\/\">rituel de la Aqiqa<\/a>, recommand\u00e9 le septi\u00e8me jour.<\/p>\n\n\n\n<h5 class=\"wp-block-heading\"><strong>Charge mentale<\/strong><\/h5>\n\n\n\n<p>La charge mentale est la gestion invisible des t\u00e2ches domestiques et parentales. Une \u00e9tude Ipsos r\u00e9v\u00e8le que <strong>80% des femmes<\/strong> en France se sentent responsables de l\u2019organisation familiale.<\/p>\n\n\n\n<hr class=\"wp-block-separator\"\/>\n\n\n\n<h2 class=\"wp-block-heading\">Les sympt\u00f4mes du burn-out maternel<\/h2>\n\n\n\n<h5 class=\"wp-block-heading\"><strong>Sympt\u00f4mes Physiques<\/strong><\/h5>\n\n\n\n<ul class=\"wp-block-list\"><li>Fatigue chronique.<\/li><li>Maux de t\u00eate et douleurs musculaires.<\/li><li>Troubles du sommeil et app\u00e9tit irr\u00e9gulier.<\/li><\/ul>\n\n\n\n<h5 class=\"wp-block-heading\"><strong>Sympt\u00f4mes \u00c9motionnels<\/strong><\/h5>\n\n\n\n<ul class=\"wp-block-list\"><li>Sentiment d\u2019impuissance ou de culpabilit\u00e9.<\/li><li>Irritabilit\u00e9 et col\u00e8re fr\u00e9quentes.<\/li><li>Perte d\u2019int\u00e9r\u00eat pour les activit\u00e9s quotidiennes.<\/li><\/ul>\n\n\n\n<h5 class=\"wp-block-heading\"><strong>Sympt\u00f4mes Cognitifs<\/strong><\/h5>\n\n\n\n<ul class=\"wp-block-list\"><li>Difficult\u00e9 \u00e0 se concentrer.<\/li><li>Perte de m\u00e9moire \u00e0 court terme.<\/li><\/ul>\n\n\n\n<hr class=\"wp-block-separator\"\/>\n\n\n\n<div id=\"quiz-fatigue\" style=\"font-family: 'Arial', sans-serif; max-width: 600px; margin: auto; border: 1px solid #ddd; padding: 20px; border-radius: 8px; background-color: #f8f8f8;\">\n  <h2 style=\"text-align: center; color: #004d40;\">Test : \u00cates vous au bord du burn-out maternel ?<\/h2>\n  <p style=\"text-align: center; font-size: 14px; color: #555;\">R\u00e9pondez honn\u00eatement \u00e0 chaque question. Les r\u00e9sultats appara\u00eetront \u00e0 la fin.<\/p>\n\n  <div id=\"progress-bar\">\n    <div id=\"progress\"><\/div>\n  <\/div>\n\n  <div id=\"questions-container\">\n    <div class=\"question\" data-question=\"1\">\n      <p>1. Vous sentez-vous constamment fatigu\u00e9e, m\u00eame apr\u00e8s une nuit compl\u00e8te de sommeil ?<\/p>\n      <button class=\"answer-btn\" data-value=\"1\">Oui<\/button>\n      <button class=\"answer-btn\" data-value=\"0\">Non<\/button>\n    <\/div>\n    <div class=\"question\" data-question=\"2\" style=\"display: none;\">\n      <p>2. Avez-vous du mal \u00e0 vous concentrer ou \u00e0 vous souvenir de choses simples ?<\/p>\n      <button class=\"answer-btn\" data-value=\"1\">Oui<\/button>\n      <button class=\"answer-btn\" data-value=\"0\">Non<\/button>\n    <\/div>\n    <div class=\"question\" data-question=\"3\" style=\"display: none;\">\n      <p>3. Ressentez-vous de l\u2019irritabilit\u00e9 ou de la col\u00e8re fr\u00e9quente envers vos enfants ou votre conjoint ?<\/p>\n      <button class=\"answer-btn\" data-value=\"1\">Oui<\/button>\n      <button class=\"answer-btn\" data-value=\"0\">Non<\/button>\n    <\/div>\n    <div class=\"question\" data-question=\"4\" style=\"display: none;\">\n      <p>4. Avez-vous l\u2019impression de ne jamais \u00eatre \u00e0 la hauteur de vos responsabilit\u00e9s parentales ?<\/p>\n      <button class=\"answer-btn\" data-value=\"1\">Oui<\/button>\n      <button class=\"answer-btn\" data-value=\"0\">Non<\/button>\n    <\/div>\n    <div class=\"question\" data-question=\"5\" style=\"display: none;\">\n      <p>5. \u00c9prouvez-vous un sentiment de d\u00e9connexion \u00e9motionnelle avec vos enfants ou votre entourage ?<\/p>\n      <button class=\"answer-btn\" data-value=\"1\">Oui<\/button>\n      <button class=\"answer-btn\" data-value=\"0\">Non<\/button>\n    <\/div>\n    <div class=\"question\" data-question=\"6\" style=\"display: none;\">\n      <p>6. Passez-vous beaucoup de temps \u00e0 vous comparer \u00e0 d\u2019autres m\u00e8res, notamment sur les r\u00e9seaux sociaux, et ressentez-vous de la culpabilit\u00e9 en cons\u00e9quence ?<\/p>\n      <button class=\"answer-btn\" data-value=\"1\">Oui<\/button>\n      <button class=\"answer-btn\" data-value=\"0\">Non<\/button>\n    <\/div>\n    <div class=\"question\" data-question=\"7\" style=\"display: none;\">\n      <p>7. Avez-vous perdu l\u2019envie ou la motivation pour des activit\u00e9s que vous aimiez auparavant ?<\/p>\n      <button class=\"answer-btn\" data-value=\"1\">Oui<\/button>\n      <button class=\"answer-btn\" data-value=\"0\">Non<\/button>\n    <\/div>\n    <div class=\"question\" data-question=\"8\" style=\"display: none;\">\n      <p>8. Ressentez-vous une pression constante pour \u00eatre parfaite ou pour r\u00e9pondre \u00e0 toutes les attentes (familiales, sociales, religieuses) ?<\/p>\n      <button class=\"answer-btn\" data-value=\"1\">Oui<\/button>\n      <button class=\"answer-btn\" data-value=\"0\">Non<\/button>\n    <\/div>\n    <div class=\"question\" data-question=\"9\" style=\"display: none;\">\n      <p>9. Avez-vous des troubles physiques li\u00e9s au stress, comme des maux de t\u00eate, des douleurs musculaires ou des troubles digestifs ?<\/p>\n      <button class=\"answer-btn\" data-value=\"1\">Oui<\/button>\n      <button class=\"answer-btn\" data-value=\"0\">Non<\/button>\n    <\/div>\n    <div class=\"question\" data-question=\"10\" style=\"display: none;\">\n      <p>10. Avez-vous souvent envie de vous isoler ou de fuir vos responsabilit\u00e9s, m\u00eame temporairement ?<\/p>\n      <button class=\"answer-btn\" data-value=\"1\">Oui<\/button>\n      <button class=\"answer-btn\" data-value=\"0\">Non<\/button>\n    <\/div>\n  <\/div>\n\n  <div id=\"result\" style=\"margin-top: 20px; display: none;\">\n    <div id=\"resultIcon\">\ud83c\udf3f<\/div>\n    <h3 style=\"text-align: center; color: #004d40;\">Votre R\u00e9sultat<\/h3>\n    <p id=\"resultText\" style=\"text-align: center; color: #555;\"><\/p>\n  <\/div>\n<\/div>\n\n<style>\n  \/* Barre de progression *\/\n  #progress-bar {\n    width: 100%;\n    background-color: #f0f0f0;\n    border-radius: 5px;\n    height: 10px;\n    margin-bottom: 15px;\n    overflow: hidden;\n  }\n  #progress {\n    height: 100%;\n    width: 0;\n    background-color: #00695c;\n    transition: width 0.3s ease-in-out;\n  }\n\n  \/* Boutons de r\u00e9ponse *\/\n  .answer-btn {\n    margin-top: 10px;\n    padding: 10px 20px;\n    border: none;\n    border-radius: 5px;\n    cursor: pointer;\n    background-color: #00695c;\n    color: white;\n    display: block;\n    width: 100%;\n    text-align: center;\n    margin-bottom: 10px;\n    transition: background-color 0.3s ease;\n  }\n  .answer-btn:hover {\n    background-color: #004d40;\n  }\n\n  \/* R\u00e9sultat *\/\n  #result {\n    opacity: 0;\n    transition: opacity 0.5s ease-in-out;\n  }\n  #result.show {\n    opacity: 1;\n  }\n<\/style>\n\n<script>\n  let currentQuestion = 1;\n  let score = 0;\n\n  const questions = document.querySelectorAll('.question');\n  const progress = document.getElementById('progress');\n  const totalQuestions = questions.length;\n\n  document.querySelectorAll('.answer-btn').forEach(button => {\n    button.addEventListener('click', function () {\n      \/\/ Ajoute la valeur au score\n      score += parseInt(this.getAttribute('data-value'));\n\n      \/\/ Masque la question actuelle\n      const currentElement = document.querySelector(`.question[data-question=\"${currentQuestion}\"]`);\n      currentElement.style.display = 'none';\n\n      \/\/ Affiche la question suivante ou le r\u00e9sultat\n      currentQuestion++;\n      if (currentQuestion <= totalQuestions) {\n        const nextElement = document.querySelector(`.question[data-question=\"${currentQuestion}\"]`);\n        nextElement.style.display = 'block';\n      } else {\n        showResult();\n      }\n\n      \/\/ Met \u00e0 jour la barre de progression\n      const progressWidth = (currentQuestion - 1) \/ totalQuestions * 100;\n      progress.style.width = progressWidth + '%';\n    });\n  });\n\n  function showResult() {\n    const result = document.getElementById('result');\n    const resultText = document.getElementById('resultText');\n    result.style.display = 'block';\n    result.classList.add('show');\n\n    if (score <= 3) {\n      resultText.innerText = \"Vous traversez probablement une p\u00e9riode de stress. Prenez du recul et essayez de vous accorder du temps pour vous d\u00e9tendre et vous ressourcer.\";\n    } else if (score <= 7) {\n      resultText.innerText = \"Vous pourriez \u00eatre en train de d\u00e9velopper un burn-out maternel. Cherchez du soutien aupr\u00e8s de votre entourage ou mettez en place des strat\u00e9gies pour all\u00e9ger votre charge mentale.\";\n    } else {\n      resultText.innerText = \"Vous pr\u00e9sentez des signes de burn-out maternel. N\u2019h\u00e9sitez pas \u00e0 consulter un professionnel ou \u00e0 demander de l\u2019aide. Se faire aider n\u2019est pas une faiblesse, mais un acte de courage.\";\n    }\n  }\n<\/script>\n\n\n\n<hr class=\"wp-block-separator\"\/>\n\n\n\n<h2 class=\"wp-block-heading\">Le r\u00f4le du p\u00e8re face au burn-out maternel<\/h2>\n\n\n\n<p>Dans l\u2019islam, le r\u00f4le du p\u00e8re est essentiel pour soutenir la m\u00e8re et pr\u00e9server l\u2019\u00e9quilibre familial.<\/p>\n\n\n\n<h5 class=\"wp-block-heading\"><strong>Exemple inspirant : Le Proph\u00e8te Muhammad \ufdfa<\/strong><\/h5>\n\n\n\n<p>Le Proph\u00e8te \ufdfa participait activement aux t\u00e2ches domestiques. A\u00efcha (qu\u2019Allah soit satisfait d\u2019elle) a rapport\u00e9 :<\/p>\n\n\n\n<blockquote class=\"bloc-verset wp-block-quote is-layout-flow wp-block-quote-is-layout-flow\"><p><strong>\"Le Proph\u00e8te \ufdfa aidait sa famille dans les t\u00e2ches domestiques.\"<\/strong> <em>(Rapport\u00e9 par Al-Boukhari)<\/em><\/p><\/blockquote>\n\n\n\n<h5 class=\"wp-block-heading\"><strong>Comment le p\u00e8re peut-il aider ?<\/strong><\/h5>\n\n\n\n<ol class=\"wp-block-list\"><li><strong>Partager les responsabilit\u00e9s<\/strong> : Participer aux t\u00e2ches m\u00e9nag\u00e8res et \u00e0 l\u2019\u00e9ducation des enfants.<\/li><li><strong>Offrir du temps \u00e0 son \u00e9pouse<\/strong>\u00a0: Permettre \u00e0 la m\u00e8re de prendre du temps pour elle-m\u00eame.<\/li><li><strong>Soutenir \u00e0 travers la spiritualit\u00e9<\/strong> : Prier ensemble et rappeler les enseignements islamiques sur la patience (sabr) et les intentions. M<span style=\"font-size: medium;\">\u00eame si une m\u00e8re ne peut pas accomplir toutes ses t\u00e2ches parfaitement, son intention sinc\u00e8re est r\u00e9compens\u00e9e par Allah.<\/span><\/li><\/ol>\n\n\n\n<hr class=\"wp-block-separator\"\/>\n\n\n\n<h2 class=\"wp-block-heading\">Comment pr\u00e9venir le burn-out maternel ?<\/h2>\n\n\n\n<h3 class=\"wp-block-heading\">L\u2019alimentation et les compl\u00e9ments alimentaires<\/h3>\n\n\n\n<p>Une bonne alimentation est essentielle pour maintenir l\u2019\u00e9nergie et r\u00e9duire le stress.<\/p>\n\n\n\n<h5 class=\"wp-block-heading\"><strong>Aliments Recommand\u00e9s<\/strong><\/h5>\n\n\n\n<ul class=\"wp-block-list\"><li><strong>Fruits secs<\/strong> : Riches en magn\u00e9sium, ils r\u00e9duisent la fatigue.<\/li><li><strong>Poissons gras<\/strong> : Sources d\u2019om\u00e9ga-3, bons pour le cerveau.<\/li><li><strong>L\u00e9gumes verts<\/strong> : Riche en fer et en vitamines.<\/li><\/ul>\n\n\n\n<h5 class=\"wp-block-heading\"><strong>Compl\u00e9ments Alimentaires<\/strong><\/h5>\n\n\n\n<ul class=\"wp-block-list\"><li><strong>Magn\u00e9sium<\/strong> : R\u00e9duit le stress et am\u00e9liore le sommeil.<\/li><li><strong>Huile de nigelle<\/strong> : Renforce le syst\u00e8me immunitaire et apaise l\u2019esprit.<\/li><li><strong>Vitamine D<\/strong> : Essentielle pour l\u2019\u00e9nergie et le moral.<\/li><\/ul>\n\n\n\n<h3 class=\"wp-block-heading\">Les enseignements islamiques<\/h3>\n\n\n\n<h5 class=\"wp-block-heading\"><strong>Prioriser la spiritualit\u00e9<\/strong><\/h5>\n\n\n\n<p>La pri\u00e8re (salat) et le dhikr (rappel d\u2019Allah) sont des sources de r\u00e9confort. Allah dit :<\/p>\n\n\n\n<blockquote class=\"bloc-verset wp-block-quote is-layout-flow wp-block-quote-is-layout-flow\"><p><strong>\"Certes, c\u2019est dans le rappel d\u2019Allah que les c\u0153urs trouvent la qui\u00e9tude.\"<\/strong> <em>(Sourate Ar-Ra\u2019d, 13:28)<\/em><\/p><\/blockquote>\n\n\n\n<h5 class=\"wp-block-heading\"><strong>Solidarit\u00e9 familiale et communautaire<\/strong><\/h5>\n\n\n\n<p>Recr\u00e9ez un r\u00e9seau de soutien, en impliquant vos proches ou en rejoignant des groupes de m\u00e8res musulmanes.<\/p>\n\n\n\n<h5 class=\"wp-block-heading\"><strong>Rappel de l\u2019intention (Niyya)<\/strong><\/h5>\n\n\n\n<p>Le Proph\u00e8te \ufdfa a dit :<\/p>\n\n\n\n<blockquote class=\"bloc-verset wp-block-quote is-layout-flow wp-block-quote-is-layout-flow\"><p><strong>\"Les actions ne valent que par leurs intentions.\"<\/strong> <em>(Rapport\u00e9 par Al-Boukhari et Mouslim)<\/em><\/p><\/blockquote>\n\n\n\n<p><strong>Acceptez vos limites<\/strong> : Vous n\u2019\u00eates pas une superwoman, et c\u2019est normal.<\/p>\n\n\n\n<p><strong>Fixez des priorit\u00e9s<\/strong> : Concentrez-vous sur l\u2019essentiel et d\u00e9l\u00e9guez le reste.<\/p>\n\n\n\n<p><strong>Prenez soin de vous<\/strong> : R\u00e9servez du temps pour vos passions et votre bien-\u00eatre.<\/p>\n\n\n\n<p><strong>\u00c9duquez vos enfants \u00e0 l\u2019autonomie<\/strong> : Encouragez-les \u00e0 participer aux t\u00e2ches m\u00e9nag\u00e8res.<\/p>\n\n\n\n<hr class=\"wp-block-separator\"\/>\n\n\n\n<h2 class=\"wp-block-heading\">Conclusion : Une maternit\u00e9 \u00e9panouie et \u00e9quilibr\u00e9e<\/h2>\n\n\n\n<p>Le burn-out maternel est une \u00e9preuve, mais avec un soutien adapt\u00e9 et une approche spirituelle, il est possible de retrouver s\u00e9r\u00e9nit\u00e9 et \u00e9quilibre. <strong>Prenez soin de vous, car une m\u00e8re \u00e9panouie est la cl\u00e9 d\u2019une famille heureuse.<\/strong><\/p>\n","protected":false},"excerpt":{"rendered":"<p>La maternit\u00e9 entre noblesse et \u00e9preuves \u00catre m\u00e8re est souvent pr\u00e9sent\u00e9 comme l\u2019un des r\u00f4les les plus gratifiants de la vie, mais il est aussi l\u2019un des plus exigeants. Les m\u00e8res musulmanes, en particulier, jonglent avec des responsabilit\u00e9s multiples. Le burn-out maternel n\u2019est pas un signe de faiblesse. C\u2019est une r\u00e9action humaine \u00e0 une surcharge [&hellip;]<\/p>\n","protected":false},"author":3,"featured_media":2766,"comment_status":"open","ping_status":"open","sticky":false,"template":"","format":"standard","meta":{"_elementor_edit_mode":"","_elementor_data":"[{\"id\":\"adf0375\",\"elType\":\"container\",\"settings\":{\"flex_direction\":\"column\"},\"elements\":[{\"id\":\"df5008e\",\"elType\":\"widget\",\"settings\":{\"content_width\":\"full\",\"title\":\"La maternit\\u00e9 entre noblesse et \\u00e9preuves\\n\\n\"},\"elements\":[],\"widgetType\":\"heading\"},{\"id\":\"d427bf2\",\"elType\":\"widget\",\"settings\":{\"content_width\":\"full\",\"editor\":\"<p>\\u00catre m\\u00e8re est souvent pr\\u00e9sent\\u00e9 comme l\\u2019un des r\\u00f4les les plus gratifiants de la vie, mais il est aussi l\\u2019un des plus exigeants. Les m\\u00e8res musulmanes, en particulier, jonglent avec des responsabilit\\u00e9s multiples.<\\\/p><p><em><strong>Le burn-out maternel n\\u2019est pas un signe de faiblesse. C\\u2019est une r\\u00e9action humaine \\u00e0 une surcharge prolong\\u00e9e.\\u00a0<\\\/strong><\\\/em><\\\/p><p>Entre les nuits sans sommeil, les exigences des enfants, les responsabilit\\u00e9s domestiques et, pour certaines, les obligations professionnelles, de nombreuses femmes se retrouvent au bord de l\\u2019\\u00e9puisement. Ce ph\\u00e9nom\\u00e8ne, connu sous le nom de burn-out maternel, touche aussi les m\\u00e8res musulmanes, qui jonglent souvent avec des attentes culturelles, religieuses et sociales.<\\\/p><p>Cet article approfondit la question du burn-out maternel sous plusieurs angles : psychologique, spirituel, g\\u00e9n\\u00e9tique et social. Il s\\u2019appuie sur des enseignements islamiques, des \\u00e9tudes scientifiques et des conseils pratiques pour guider les m\\u00e8res musulmanes vivant en France, tout en int\\u00e9grant une r\\u00e9flexion sur le r\\u00f4le du p\\u00e8re et de la communaut\\u00e9.<\\\/p>\"},\"elements\":[],\"widgetType\":\"text-editor\"},{\"id\":\"d7d52c7\",\"elType\":\"widget\",\"settings\":{\"content_width\":\"full\",\"width\":{\"unit\":\"%\",\"size\":51,\"sizes\":[]},\"align\":\"center\",\"text\":\"S\\u00e9parateur\"},\"elements\":[],\"widgetType\":\"divider\"},{\"id\":\"2457e6f\",\"elType\":\"widget\",\"settings\":{\"content_width\":\"full\",\"title\":\"Qu\\u2019est-ce que le burn-out maternel ?\"},\"elements\":[],\"widgetType\":\"heading\"},{\"id\":\"ffaac47\",\"elType\":\"widget\",\"settings\":{\"content_width\":\"full\",\"editor\":\"<p>Le burn-out maternel est un \\u00e9tat d\\u2019\\u00e9puisement chronique caus\\u00e9 par une surcharge prolong\\u00e9e de responsabilit\\u00e9s parentales. Il ne s\\u2019agit pas seulement d\\u2019un stress passager, mais d\\u2019un d\\u00e9s\\u00e9quilibre qui affecte profond\\u00e9ment la sant\\u00e9 mentale, physique et \\u00e9motionnelle.<\\\/p><h5><strong>Chiffres Cl\\u00e9s<\\\/strong><\\\/h5><ul><li>Selon une \\u00e9tude men\\u00e9e par l\\u2019Universit\\u00e9 Catholique de Louvain, environ <strong>12% des m\\u00e8res<\\\/strong> dans les pays occidentaux souffrent de burn-out maternel s\\u00e9v\\u00e8re.<\\\/li><li>En France, une enqu\\u00eate de l\\u2019Observatoire de la Parentalit\\u00e9 montre que <strong>7 m\\u00e8res sur 10<\\\/strong> d\\u00e9clarent se sentir d\\u00e9bord\\u00e9es au quotidien.<\\\/li><\\\/ul><p>\\u00a0<\\\/p><h5><strong>Les phases du burn-out maternel<\\\/strong><\\\/h5><ol><li><strong>Phase de Surmenage<\\\/strong> : La m\\u00e8re tente de tout g\\u00e9rer seule, jusqu\\u2019\\u00e0 l\\u2019\\u00e9puisement.<\\\/li><li><strong>Phase d\\u2019\\u00c9puisement<\\\/strong> : La fatigue devient constante, accompagn\\u00e9e de stress chronique.<\\\/li><li><strong>Phase de D\\u00e9tachement<\\\/strong> : La m\\u00e8re ressent une d\\u00e9connexion \\u00e9motionnelle envers ses enfants ou son conjoint.<\\\/li><\\\/ol><p>\\u00a0<\\\/p><h5><strong>\\u00c9tude de cas : Sarah, m\\u00e8re de 3 enfants<\\\/strong><\\\/h5><p>Sarah, 35 ans, vit en r\\u00e9gion parisienne avec ses trois enfants. Entre les trajets scolaires, les repas, les devoirs et son emploi \\u00e0 mi-temps, elle se sent constamment d\\u00e9bord\\u00e9e. \\\"Je me r\\u00e9veille d\\u00e9j\\u00e0 fatigu\\u00e9e, et je me couche avec la sensation de ne jamais en faire assez\\\", confie-t-elle.<\\\/p><p>Ce sentiment est amplifi\\u00e9 par les r\\u00e9seaux sociaux. \\\"Quand je vois d\\u2019autres m\\u00e8res poster des photos de leurs enfants toujours bien habill\\u00e9s, de leurs maisons impeccables et de leurs repas parfaits, je me sens encore plus coupable\\\", ajoute Sarah.<\\\/p>\"},\"elements\":[],\"widgetType\":\"text-editor\"},{\"id\":\"cd9ad7d\",\"elType\":\"widget\",\"settings\":{\"content_width\":\"full\",\"width\":{\"unit\":\"%\",\"size\":51,\"sizes\":[]},\"align\":\"center\",\"text\":\"S\\u00e9parateur\"},\"elements\":[],\"widgetType\":\"divider\"},{\"id\":\"3da28a6\",\"elType\":\"widget\",\"settings\":{\"content_width\":\"full\",\"image\":{\"url\":\"https:\\\/\\\/allomouton.com\\\/mag\\\/wp-content\\\/uploads\\\/2025\\\/03\\\/CTA_AM_CampagneAqiqa.png\",\"id\":3358,\"size\":\"\",\"alt\":\"\",\"source\":\"library\"},\"image_size\":\"full\",\"link_to\":\"custom\",\"link\":{\"url\":\"https:\\\/\\\/allomouton.com\\\/categories\\\/naissance\",\"is_external\":\"\",\"nofollow\":\"\",\"custom_attributes\":\"\"}},\"elements\":[],\"widgetType\":\"image\"},{\"id\":\"bc33009\",\"elType\":\"widget\",\"settings\":{\"content_width\":\"full\",\"title\":\"Les causes du burn-out maternel chez les m\\u00e8res musulmanes en France\"},\"elements\":[],\"widgetType\":\"heading\"},{\"id\":\"a82d4bd\",\"elType\":\"widget\",\"settings\":{\"content_width\":\"full\",\"editor\":\"<h5><strong>Pressions sociales et culturelles<\\\/strong><\\\/h5><p>Les m\\u00e8res musulmanes jonglent souvent entre deux mondes : respecter les traditions islamiques tout en s\\u2019int\\u00e9grant dans une soci\\u00e9t\\u00e9 occidentale.<\\\/p><p><em><strong>Exemple :<\\\/strong> <\\\/em>Une m\\u00e8re peut se sentir coupable de ne pas cuisiner des plats traditionnels pour ses enfants tout en essayant de g\\u00e9rer un emploi du temps charg\\u00e9.<\\\/p><h5><strong>Manque de soutien communautaire<\\\/strong><\\\/h5><p>Historiquement, les femmes musulmanes b\\u00e9n\\u00e9ficiaient d\\u2019un r\\u00e9seau de soutien. Dans de nombreuses cultures musulmanes, il \\u00e9tait courant d\\u2019avoir des femmes qui aidaient \\u00e0 l\\u2019allaitement (comme les nourrices) ou des proches qui soutenaient les nouvelles m\\u00e8res. Aujourd\\u2019hui, ce r\\u00e9seau s\\u2019est souvent \\u00e9tiol\\u00e9, laissant les m\\u00e8res isol\\u00e9es.<\\\/p><h5><strong>Facteurs biologiques et hormonaux<\\\/strong><\\\/h5><p>Apr\\u00e8s l\\u2019accouchement, les fluctuations hormonales, comme la baisse d\\u2019ocytocine et l\\u2019augmentation du cortisol, augmentent le risque de d\\u00e9pression post-partum et de burn-out. C'est aussi apr\\u00e8s la naissance que se pratique le <a href=\\\"\\\/mag\\\/aqiqa-sacrifice-naissance\\\/\\\">rituel de la Aqiqa<\\\/a>, recommand\\u00e9 le septi\\u00e8me jour.<\\\/p><h5><strong>Charge mentale<\\\/strong><\\\/h5><p>La charge mentale est la gestion invisible des t\\u00e2ches domestiques et parentales. Une \\u00e9tude Ipsos r\\u00e9v\\u00e8le que <strong>80% des femmes<\\\/strong> en France se sentent responsables de l\\u2019organisation familiale.<\\\/p>\"},\"elements\":[],\"widgetType\":\"text-editor\"},{\"id\":\"1487041\",\"elType\":\"widget\",\"settings\":{\"content_width\":\"full\",\"width\":{\"unit\":\"%\",\"size\":51,\"sizes\":[]},\"align\":\"center\",\"text\":\"S\\u00e9parateur\"},\"elements\":[],\"widgetType\":\"divider\"},{\"id\":\"ef4134a\",\"elType\":\"widget\",\"settings\":{\"content_width\":\"full\",\"title\":\"Les sympt\\u00f4mes du burn-out maternel\"},\"elements\":[],\"widgetType\":\"heading\"},{\"id\":\"0f8fc46\",\"elType\":\"widget\",\"settings\":{\"content_width\":\"full\",\"editor\":\"<h5><strong>Sympt\\u00f4mes Physiques<\\\/strong><\\\/h5><ul><li>Fatigue chronique.<\\\/li><li>Maux de t\\u00eate et douleurs musculaires.<\\\/li><li>Troubles du sommeil et app\\u00e9tit irr\\u00e9gulier.<\\\/li><\\\/ul><h5><strong>Sympt\\u00f4mes \\u00c9motionnels<\\\/strong><\\\/h5><ul><li>Sentiment d\\u2019impuissance ou de culpabilit\\u00e9.<\\\/li><li>Irritabilit\\u00e9 et col\\u00e8re fr\\u00e9quentes.<\\\/li><li>Perte d\\u2019int\\u00e9r\\u00eat pour les activit\\u00e9s quotidiennes.<\\\/li><\\\/ul><h5><strong>Sympt\\u00f4mes Cognitifs<\\\/strong><\\\/h5><ul><li>Difficult\\u00e9 \\u00e0 se concentrer.<\\\/li><li>Perte de m\\u00e9moire \\u00e0 court terme.<\\\/li><\\\/ul>\"},\"elements\":[],\"widgetType\":\"text-editor\"},{\"id\":\"821c59f\",\"elType\":\"widget\",\"settings\":{\"content_width\":\"full\",\"width\":{\"unit\":\"%\",\"size\":51,\"sizes\":[]},\"align\":\"center\",\"text\":\"S\\u00e9parateur\"},\"elements\":[],\"widgetType\":\"divider\"},{\"id\":\"0d333e9\",\"elType\":\"widget\",\"settings\":{\"content_width\":\"full\",\"html\":\"\\n<div id=\\\"quiz-fatigue\\\" style=\\\"font-family: 'Arial', sans-serif; max-width: 600px; margin: auto; border: 1px solid #ddd; padding: 20px; border-radius: 8px; background-color: #f8f8f8;\\\">\\n  <h2 style=\\\"text-align: center; color: #004d40;\\\">Test : \\u00cates vous au bord du burn-out maternel ?<\\\/h2>\\n  <p style=\\\"text-align: center; font-size: 14px; color: #555;\\\">R\\u00e9pondez honn\\u00eatement \\u00e0 chaque question. Les r\\u00e9sultats appara\\u00eetront \\u00e0 la fin.<\\\/p>\\n\\n  <div id=\\\"progress-bar\\\">\\n    <div id=\\\"progress\\\"><\\\/div>\\n  <\\\/div>\\n\\n  <div id=\\\"questions-container\\\">\\n    <div class=\\\"question\\\" data-question=\\\"1\\\">\\n      <p>1. Vous sentez-vous constamment fatigu\\u00e9e, m\\u00eame apr\\u00e8s une nuit compl\\u00e8te de sommeil ?<\\\/p>\\n      <button class=\\\"answer-btn\\\" data-value=\\\"1\\\">Oui<\\\/button>\\n      <button class=\\\"answer-btn\\\" data-value=\\\"0\\\">Non<\\\/button>\\n    <\\\/div>\\n    <div class=\\\"question\\\" data-question=\\\"2\\\" style=\\\"display: none;\\\">\\n      <p>2. Avez-vous du mal \\u00e0 vous concentrer ou \\u00e0 vous souvenir de choses simples ?<\\\/p>\\n      <button class=\\\"answer-btn\\\" data-value=\\\"1\\\">Oui<\\\/button>\\n      <button class=\\\"answer-btn\\\" data-value=\\\"0\\\">Non<\\\/button>\\n    <\\\/div>\\n    <div class=\\\"question\\\" data-question=\\\"3\\\" style=\\\"display: none;\\\">\\n      <p>3. Ressentez-vous de l\\u2019irritabilit\\u00e9 ou de la col\\u00e8re fr\\u00e9quente envers vos enfants ou votre conjoint ?<\\\/p>\\n      <button class=\\\"answer-btn\\\" data-value=\\\"1\\\">Oui<\\\/button>\\n      <button class=\\\"answer-btn\\\" data-value=\\\"0\\\">Non<\\\/button>\\n    <\\\/div>\\n    <div class=\\\"question\\\" data-question=\\\"4\\\" style=\\\"display: none;\\\">\\n      <p>4. Avez-vous l\\u2019impression de ne jamais \\u00eatre \\u00e0 la hauteur de vos responsabilit\\u00e9s parentales ?<\\\/p>\\n      <button class=\\\"answer-btn\\\" data-value=\\\"1\\\">Oui<\\\/button>\\n      <button class=\\\"answer-btn\\\" data-value=\\\"0\\\">Non<\\\/button>\\n    <\\\/div>\\n    <div class=\\\"question\\\" data-question=\\\"5\\\" style=\\\"display: none;\\\">\\n      <p>5. \\u00c9prouvez-vous un sentiment de d\\u00e9connexion \\u00e9motionnelle avec vos enfants ou votre entourage ?<\\\/p>\\n      <button class=\\\"answer-btn\\\" data-value=\\\"1\\\">Oui<\\\/button>\\n      <button class=\\\"answer-btn\\\" data-value=\\\"0\\\">Non<\\\/button>\\n    <\\\/div>\\n    <div class=\\\"question\\\" data-question=\\\"6\\\" style=\\\"display: none;\\\">\\n      <p>6. Passez-vous beaucoup de temps \\u00e0 vous comparer \\u00e0 d\\u2019autres m\\u00e8res, notamment sur les r\\u00e9seaux sociaux, et ressentez-vous de la culpabilit\\u00e9 en cons\\u00e9quence ?<\\\/p>\\n      <button class=\\\"answer-btn\\\" data-value=\\\"1\\\">Oui<\\\/button>\\n      <button class=\\\"answer-btn\\\" data-value=\\\"0\\\">Non<\\\/button>\\n    <\\\/div>\\n    <div class=\\\"question\\\" data-question=\\\"7\\\" style=\\\"display: none;\\\">\\n      <p>7. Avez-vous perdu l\\u2019envie ou la motivation pour des activit\\u00e9s que vous aimiez auparavant ?<\\\/p>\\n      <button class=\\\"answer-btn\\\" data-value=\\\"1\\\">Oui<\\\/button>\\n      <button class=\\\"answer-btn\\\" data-value=\\\"0\\\">Non<\\\/button>\\n    <\\\/div>\\n    <div class=\\\"question\\\" data-question=\\\"8\\\" style=\\\"display: none;\\\">\\n      <p>8. Ressentez-vous une pression constante pour \\u00eatre parfaite ou pour r\\u00e9pondre \\u00e0 toutes les attentes (familiales, sociales, religieuses) ?<\\\/p>\\n      <button class=\\\"answer-btn\\\" data-value=\\\"1\\\">Oui<\\\/button>\\n      <button class=\\\"answer-btn\\\" data-value=\\\"0\\\">Non<\\\/button>\\n    <\\\/div>\\n    <div class=\\\"question\\\" data-question=\\\"9\\\" style=\\\"display: none;\\\">\\n      <p>9. Avez-vous des troubles physiques li\\u00e9s au stress, comme des maux de t\\u00eate, des douleurs musculaires ou des troubles digestifs ?<\\\/p>\\n      <button class=\\\"answer-btn\\\" data-value=\\\"1\\\">Oui<\\\/button>\\n      <button class=\\\"answer-btn\\\" data-value=\\\"0\\\">Non<\\\/button>\\n    <\\\/div>\\n    <div class=\\\"question\\\" data-question=\\\"10\\\" style=\\\"display: none;\\\">\\n      <p>10. Avez-vous souvent envie de vous isoler ou de fuir vos responsabilit\\u00e9s, m\\u00eame temporairement ?<\\\/p>\\n      <button class=\\\"answer-btn\\\" data-value=\\\"1\\\">Oui<\\\/button>\\n      <button class=\\\"answer-btn\\\" data-value=\\\"0\\\">Non<\\\/button>\\n    <\\\/div>\\n  <\\\/div>\\n\\n  <div id=\\\"result\\\" style=\\\"margin-top: 20px; display: none;\\\">\\n    <div id=\\\"resultIcon\\\">\\ud83c\\udf3f<\\\/div>\\n    <h3 style=\\\"text-align: center; color: #004d40;\\\">Votre R\\u00e9sultat<\\\/h3>\\n    <p id=\\\"resultText\\\" style=\\\"text-align: center; color: #555;\\\"><\\\/p>\\n  <\\\/div>\\n<\\\/div>\\n\\n<style>\\n  \\\/* Barre de progression *\\\/\\n  #progress-bar {\\n    width: 100%;\\n    background-color: #f0f0f0;\\n    border-radius: 5px;\\n    height: 10px;\\n    margin-bottom: 15px;\\n    overflow: hidden;\\n  }\\n  #progress {\\n    height: 100%;\\n    width: 0;\\n    background-color: #00695c;\\n    transition: width 0.3s ease-in-out;\\n  }\\n\\n  \\\/* Boutons de r\\u00e9ponse *\\\/\\n  .answer-btn {\\n    margin-top: 10px;\\n    padding: 10px 20px;\\n    border: none;\\n    border-radius: 5px;\\n    cursor: pointer;\\n    background-color: #00695c;\\n    color: white;\\n    display: block;\\n    width: 100%;\\n    text-align: center;\\n    margin-bottom: 10px;\\n    transition: background-color 0.3s ease;\\n  }\\n  .answer-btn:hover {\\n    background-color: #004d40;\\n  }\\n\\n  \\\/* R\\u00e9sultat *\\\/\\n  #result {\\n    opacity: 0;\\n    transition: opacity 0.5s ease-in-out;\\n  }\\n  #result.show {\\n    opacity: 1;\\n  }\\n<\\\/style>\\n\\n<script>\\n  let currentQuestion = 1;\\n  let score = 0;\\n\\n  const questions = document.querySelectorAll('.question');\\n  const progress = document.getElementById('progress');\\n  const totalQuestions = questions.length;\\n\\n  document.querySelectorAll('.answer-btn').forEach(button => {\\n    button.addEventListener('click', function () {\\n      \\\/\\\/ Ajoute la valeur au score\\n      score += parseInt(this.getAttribute('data-value'));\\n\\n      \\\/\\\/ Masque la question actuelle\\n      const currentElement = document.querySelector(`.question[data-question=\\\"${currentQuestion}\\\"]`);\\n      currentElement.style.display = 'none';\\n\\n      \\\/\\\/ Affiche la question suivante ou le r\\u00e9sultat\\n      currentQuestion++;\\n      if (currentQuestion <= totalQuestions) {\\n        const nextElement = document.querySelector(`.question[data-question=\\\"${currentQuestion}\\\"]`);\\n        nextElement.style.display = 'block';\\n      } else {\\n        showResult();\\n      }\\n\\n      \\\/\\\/ Met \\u00e0 jour la barre de progression\\n      const progressWidth = (currentQuestion - 1) \\\/ totalQuestions * 100;\\n      progress.style.width = progressWidth + '%';\\n    });\\n  });\\n\\n  function showResult() {\\n    const result = document.getElementById('result');\\n    const resultText = document.getElementById('resultText');\\n    result.style.display = 'block';\\n    result.classList.add('show');\\n\\n    if (score <= 3) {\\n      resultText.innerText = \\\"Vous traversez probablement une p\\u00e9riode de stress. Prenez du recul et essayez de vous accorder du temps pour vous d\\u00e9tendre et vous ressourcer.\\\";\\n    } else if (score <= 7) {\\n      resultText.innerText = \\\"Vous pourriez \\u00eatre en train de d\\u00e9velopper un burn-out maternel. Cherchez du soutien aupr\\u00e8s de votre entourage ou mettez en place des strat\\u00e9gies pour all\\u00e9ger votre charge mentale.\\\";\\n    } else {\\n      resultText.innerText = \\\"Vous pr\\u00e9sentez des signes de burn-out maternel. N\\u2019h\\u00e9sitez pas \\u00e0 consulter un professionnel ou \\u00e0 demander de l\\u2019aide. Se faire aider n\\u2019est pas une faiblesse, mais un acte de courage.\\\";\\n    }\\n  }\\n<\\\/script>\\n\",\"_margin\":{\"unit\":\"px\",\"top\":\"0\",\"right\":\"0\",\"bottom\":\"050\",\"left\":\"0\",\"isLinked\":false}},\"elements\":[],\"widgetType\":\"html\"},{\"id\":\"8efed6b\",\"elType\":\"widget\",\"settings\":{\"content_width\":\"full\",\"width\":{\"unit\":\"%\",\"size\":51,\"sizes\":[]},\"align\":\"center\",\"text\":\"S\\u00e9parateur\"},\"elements\":[],\"widgetType\":\"divider\"},{\"id\":\"138b037\",\"elType\":\"widget\",\"settings\":{\"content_width\":\"full\",\"title\":\"Le r\\u00f4le du p\\u00e8re face au burn-out maternel\"},\"elements\":[],\"widgetType\":\"heading\"},{\"id\":\"8227932\",\"elType\":\"widget\",\"settings\":{\"content_width\":\"full\",\"editor\":\"<p>Dans l\\u2019islam, le r\\u00f4le du p\\u00e8re est essentiel pour soutenir la m\\u00e8re et pr\\u00e9server l\\u2019\\u00e9quilibre familial.<\\\/p><h5><strong>Exemple inspirant : Le Proph\\u00e8te Muhammad \\ufdfa<\\\/strong><\\\/h5><p>Le Proph\\u00e8te \\ufdfa participait activement aux t\\u00e2ches domestiques. A\\u00efcha (qu\\u2019Allah soit satisfait d\\u2019elle) a rapport\\u00e9 :<\\\/p><blockquote><p><strong>\\\"Le Proph\\u00e8te \\ufdfa aidait sa famille dans les t\\u00e2ches domestiques.\\\"<\\\/strong> <em>(Rapport\\u00e9 par Al-Boukhari)<\\\/em><\\\/p><\\\/blockquote><h5><strong>Comment le p\\u00e8re peut-il aider ?<\\\/strong><\\\/h5><ol><li><strong>Partager les responsabilit\\u00e9s<\\\/strong> : Participer aux t\\u00e2ches m\\u00e9nag\\u00e8res et \\u00e0 l\\u2019\\u00e9ducation des enfants.<\\\/li><li><strong>Offrir du temps \\u00e0 son \\u00e9pouse<\\\/strong>\\u00a0: Permettre \\u00e0 la m\\u00e8re de prendre du temps pour elle-m\\u00eame.<\\\/li><li><strong>Soutenir \\u00e0 travers la spiritualit\\u00e9<\\\/strong> : Prier ensemble et rappeler les enseignements islamiques sur la patience (sabr) et les intentions. M<span style=\\\"font-size: medium;\\\">\\u00eame si une m\\u00e8re ne peut pas accomplir toutes ses t\\u00e2ches parfaitement, son intention sinc\\u00e8re est r\\u00e9compens\\u00e9e par Allah.<\\\/span><\\\/li><\\\/ol>\"},\"elements\":[],\"widgetType\":\"text-editor\"},{\"id\":\"9001306\",\"elType\":\"widget\",\"settings\":{\"content_width\":\"full\",\"width\":{\"unit\":\"%\",\"size\":51,\"sizes\":[]},\"align\":\"center\",\"text\":\"S\\u00e9parateur\"},\"elements\":[],\"widgetType\":\"divider\"},{\"id\":\"375395e\",\"elType\":\"widget\",\"settings\":{\"content_width\":\"full\",\"title\":\"Comment pr\\u00e9venir le burn-out maternel ?\"},\"elements\":[],\"widgetType\":\"heading\"},{\"id\":\"23fe0eb\",\"elType\":\"widget\",\"settings\":{\"content_width\":\"full\",\"title\":\"L\\u2019alimentation et les compl\\u00e9ments alimentaires\",\"header_size\":\"h3\"},\"elements\":[],\"widgetType\":\"heading\"},{\"id\":\"7fc1204\",\"elType\":\"widget\",\"settings\":{\"content_width\":\"full\",\"editor\":\"<p>Une bonne alimentation est essentielle pour maintenir l\\u2019\\u00e9nergie et r\\u00e9duire le stress.<\\\/p><h5><strong>Aliments Recommand\\u00e9s<\\\/strong><\\\/h5><ul><li><strong>Fruits secs<\\\/strong> : Riches en magn\\u00e9sium, ils r\\u00e9duisent la fatigue.<\\\/li><li><strong>Poissons gras<\\\/strong> : Sources d\\u2019om\\u00e9ga-3, bons pour le cerveau.<\\\/li><li><strong>L\\u00e9gumes verts<\\\/strong> : Riche en fer et en vitamines.<\\\/li><\\\/ul><h5><strong>Compl\\u00e9ments Alimentaires<\\\/strong><\\\/h5><ul><li><strong>Magn\\u00e9sium<\\\/strong> : R\\u00e9duit le stress et am\\u00e9liore le sommeil.<\\\/li><li><strong>Huile de nigelle<\\\/strong> : Renforce le syst\\u00e8me immunitaire et apaise l\\u2019esprit.<\\\/li><li><strong>Vitamine D<\\\/strong> : Essentielle pour l\\u2019\\u00e9nergie et le moral.<\\\/li><\\\/ul>\"},\"elements\":[],\"widgetType\":\"text-editor\"},{\"id\":\"15266e6\",\"elType\":\"widget\",\"settings\":{\"content_width\":\"full\",\"title\":\"Les enseignements islamiques\",\"header_size\":\"h3\"},\"elements\":[],\"widgetType\":\"heading\"},{\"id\":\"2b1b986\",\"elType\":\"widget\",\"settings\":{\"content_width\":\"full\",\"editor\":\"<h5><strong>Prioriser la spiritualit\\u00e9<\\\/strong><\\\/h5><p>La pri\\u00e8re (salat) et le dhikr (rappel d\\u2019Allah) sont des sources de r\\u00e9confort. Allah dit :<\\\/p><blockquote><p><strong>\\\"Certes, c\\u2019est dans le rappel d\\u2019Allah que les c\\u0153urs trouvent la qui\\u00e9tude.\\\"<\\\/strong> <em>(Sourate Ar-Ra\\u2019d, 13:28)<\\\/em><\\\/p><\\\/blockquote><h5><strong>Solidarit\\u00e9 familiale et communautaire<\\\/strong><\\\/h5><p>Recr\\u00e9ez un r\\u00e9seau de soutien, en impliquant vos proches ou en rejoignant des groupes de m\\u00e8res musulmanes.<\\\/p><h5><strong>Rappel de l\\u2019intention (Niyya)<\\\/strong><\\\/h5><p>Le Proph\\u00e8te \\ufdfa a dit :<\\\/p><blockquote><p><strong>\\\"Les actions ne valent que par leurs intentions.\\\"<\\\/strong> <em>(Rapport\\u00e9 par Al-Boukhari et Mouslim)<\\\/em><\\\/p><\\\/blockquote>\"},\"elements\":[],\"widgetType\":\"text-editor\"},{\"id\":\"5445e99\",\"elType\":\"widget\",\"settings\":{\"content_width\":\"full\",\"space\":{\"unit\":\"px\",\"size\":25,\"sizes\":[]}},\"elements\":[],\"widgetType\":\"spacer\"}],\"isInner\":false},{\"id\":\"87a8c33\",\"elType\":\"container\",\"settings\":[],\"elements\":[{\"id\":\"5807e61\",\"elType\":\"widget\",\"settings\":{\"content_width\":\"full\",\"editor\":\"<p><strong>Acceptez vos limites<\\\/strong> : Vous n\\u2019\\u00eates pas une superwoman, et c\\u2019est normal.<\\\/p><p><strong>Fixez des priorit\\u00e9s<\\\/strong> : Concentrez-vous sur l\\u2019essentiel et d\\u00e9l\\u00e9guez le reste.<\\\/p><p><strong>Prenez soin de vous<\\\/strong> : R\\u00e9servez du temps pour vos passions et votre bien-\\u00eatre.<\\\/p><p><strong>\\u00c9duquez vos enfants \\u00e0 l\\u2019autonomie<\\\/strong> : Encouragez-les \\u00e0 participer aux t\\u00e2ches m\\u00e9nag\\u00e8res.<\\\/p>\",\"align\":\"center\",\"typography_typography\":\"custom\",\"typography_font_family\":\"Sinkin Sans\",\"typography_font_weight\":\"600\"},\"elements\":[],\"widgetType\":\"text-editor\"},{\"id\":\"a429007\",\"elType\":\"widget\",\"settings\":{\"content_width\":\"full\",\"space\":{\"unit\":\"px\",\"size\":25,\"sizes\":[]}},\"elements\":[],\"widgetType\":\"spacer\"},{\"id\":\"5b71f3f\",\"elType\":\"widget\",\"settings\":{\"content_width\":\"full\",\"width\":{\"unit\":\"%\",\"size\":51,\"sizes\":[]},\"align\":\"center\",\"text\":\"S\\u00e9parateur\"},\"elements\":[],\"widgetType\":\"divider\"}],\"isInner\":false},{\"id\":\"9f4feb0\",\"elType\":\"container\",\"settings\":[],\"elements\":[{\"id\":\"3247632\",\"elType\":\"widget\",\"settings\":{\"content_width\":\"full\",\"title\":\"Conclusion : Une maternit\\u00e9 \\u00e9panouie et \\u00e9quilibr\\u00e9e\"},\"elements\":[],\"widgetType\":\"heading\"}],\"isInner\":false},{\"id\":\"40d6aa4\",\"elType\":\"container\",\"settings\":[],\"elements\":[{\"id\":\"4496dff\",\"elType\":\"widget\",\"settings\":{\"content_width\":\"full\",\"editor\":\"<p>Le burn-out maternel est une \\u00e9preuve, mais avec un soutien adapt\\u00e9 et une approche spirituelle, il est possible de retrouver s\\u00e9r\\u00e9nit\\u00e9 et \\u00e9quilibre. <strong>Prenez soin de vous, car une m\\u00e8re \\u00e9panouie est la cl\\u00e9 d\\u2019une famille heureuse.<\\\/strong><\\\/p>\"},\"elements\":[],\"widgetType\":\"text-editor\"}],\"isInner\":false},{\"id\":\"e7b3809\",\"elType\":\"container\",\"settings\":[],\"elements\":[],\"isInner\":false},{\"id\":\"3c16e52\",\"elType\":\"container\",\"settings\":[],\"elements\":[],\"isInner\":false}]","footnotes":""},"categories":[37],"tags":[],"class_list":["post-2760","post","type-post","status-publish","format-standard","has-post-thumbnail","hentry","category-naissance-islam"],"yoast_head":"<!-- This site is optimized with the Yoast SEO plugin v26.3 - https:\/\/yoast.com\/wordpress\/plugins\/seo\/ -->\n<title>Le burn-out maternel et Islam : comprendre et pr\u00e9venir. | Allo-Mouton<\/title>\n<meta name=\"description\" content=\"Le burn-out maternel et Islam : comprendre et pr\u00e9venir. D\u00e9couvrez les conseils d&#039;Allo Mouton pour r\u00e9ussir vos \u00e9v\u00e8nements importants (Aqiqa, Aid el Adha...)\" \/>\n<meta name=\"robots\" content=\"index, follow, max-snippet:-1, max-image-preview:large, max-video-preview:-1\" \/>\n<link rel=\"canonical\" href=\"https:\/\/allomouton.com\/mag\/burn-out-maternel-islam\/\" \/>\n<meta property=\"og:locale\" content=\"fr_FR\" \/>\n<meta property=\"og:type\" content=\"article\" \/>\n<meta property=\"og:title\" content=\"Le burn-out maternel et Islam : comprendre et pr\u00e9venir. | Allo-Mouton\" \/>\n<meta property=\"og:description\" content=\"Le burn-out maternel et Islam : comprendre et pr\u00e9venir. D\u00e9couvrez les conseils d&#039;Allo Mouton pour r\u00e9ussir vos \u00e9v\u00e8nements importants (Aqiqa, Aid el Adha...)\" \/>\n<meta property=\"og:url\" content=\"https:\/\/allomouton.com\/mag\/burn-out-maternel-islam\/\" \/>\n<meta property=\"og:site_name\" content=\"Le Mag Par Allo-Mouton\" \/>\n<meta property=\"article:published_time\" content=\"2024-12-30T14:21:10+00:00\" \/>\n<meta property=\"article:modified_time\" content=\"2026-04-06T10:17:59+00:00\" \/>\n<meta property=\"og:image\" content=\"https:\/\/allomouton.com\/mag\/wp-content\/uploads\/2024\/12\/image-couverture-blog-44.png\" \/>\n\t<meta property=\"og:image:width\" content=\"800\" \/>\n\t<meta property=\"og:image:height\" content=\"500\" \/>\n\t<meta property=\"og:image:type\" content=\"image\/png\" \/>\n<meta name=\"author\" content=\"allomouton\" \/>\n<meta name=\"twitter:card\" content=\"summary_large_image\" \/>\n<meta name=\"twitter:label1\" content=\"\u00c9crit par\" \/>\n\t<meta name=\"twitter:data1\" content=\"allomouton\" \/>\n\t<meta name=\"twitter:label2\" content=\"Dur\u00e9e de lecture estim\u00e9e\" \/>\n\t<meta name=\"twitter:data2\" content=\"6 minutes\" \/>\n<script type=\"application\/ld+json\" class=\"yoast-schema-graph\">{\"@context\":\"https:\/\/schema.org\",\"@graph\":[{\"@type\":\"Article\",\"@id\":\"https:\/\/allomouton.com\/mag\/burn-out-maternel-islam\/#article\",\"isPartOf\":{\"@id\":\"https:\/\/allomouton.com\/mag\/burn-out-maternel-islam\/\"},\"author\":{\"name\":\"allomouton\",\"@id\":\"https:\/\/allomouton.com\/mag\/#\/schema\/person\/c33acb907e79701dff8a66d95cc71fca\"},\"headline\":\"Le burn-out maternel et Islam : comprendre et pr\u00e9venir.\",\"datePublished\":\"2024-12-30T14:21:10+00:00\",\"dateModified\":\"2026-04-06T10:17:59+00:00\",\"mainEntityOfPage\":{\"@id\":\"https:\/\/allomouton.com\/mag\/burn-out-maternel-islam\/\"},\"wordCount\":1443,\"commentCount\":0,\"publisher\":{\"@id\":\"https:\/\/allomouton.com\/mag\/#organization\"},\"image\":{\"@id\":\"https:\/\/allomouton.com\/mag\/burn-out-maternel-islam\/#primaryimage\"},\"thumbnailUrl\":\"https:\/\/allomouton.com\/mag\/wp-content\/uploads\/2024\/12\/image-couverture-blog-44.png\",\"articleSection\":[\"Naissance en Islam\"],\"inLanguage\":\"fr-FR\",\"potentialAction\":[{\"@type\":\"CommentAction\",\"name\":\"Comment\",\"target\":[\"https:\/\/allomouton.com\/mag\/burn-out-maternel-islam\/#respond\"]}]},{\"@type\":\"WebPage\",\"@id\":\"https:\/\/allomouton.com\/mag\/burn-out-maternel-islam\/\",\"url\":\"https:\/\/allomouton.com\/mag\/burn-out-maternel-islam\/\",\"name\":\"Le burn-out maternel et Islam : comprendre et pr\u00e9venir. | Allo-Mouton\",\"isPartOf\":{\"@id\":\"https:\/\/allomouton.com\/mag\/#website\"},\"primaryImageOfPage\":{\"@id\":\"https:\/\/allomouton.com\/mag\/burn-out-maternel-islam\/#primaryimage\"},\"image\":{\"@id\":\"https:\/\/allomouton.com\/mag\/burn-out-maternel-islam\/#primaryimage\"},\"thumbnailUrl\":\"https:\/\/allomouton.com\/mag\/wp-content\/uploads\/2024\/12\/image-couverture-blog-44.png\",\"datePublished\":\"2024-12-30T14:21:10+00:00\",\"dateModified\":\"2026-04-06T10:17:59+00:00\",\"description\":\"Le burn-out maternel et Islam : comprendre et pr\u00e9venir. D\u00e9couvrez les conseils d'Allo Mouton pour r\u00e9ussir vos \u00e9v\u00e8nements importants (Aqiqa, Aid el Adha...)\",\"breadcrumb\":{\"@id\":\"https:\/\/allomouton.com\/mag\/burn-out-maternel-islam\/#breadcrumb\"},\"inLanguage\":\"fr-FR\",\"potentialAction\":[{\"@type\":\"ReadAction\",\"target\":[\"https:\/\/allomouton.com\/mag\/burn-out-maternel-islam\/\"]}]},{\"@type\":\"ImageObject\",\"inLanguage\":\"fr-FR\",\"@id\":\"https:\/\/allomouton.com\/mag\/burn-out-maternel-islam\/#primaryimage\",\"url\":\"https:\/\/allomouton.com\/mag\/wp-content\/uploads\/2024\/12\/image-couverture-blog-44.png\",\"contentUrl\":\"https:\/\/allomouton.com\/mag\/wp-content\/uploads\/2024\/12\/image-couverture-blog-44.png\",\"width\":800,\"height\":500,\"caption\":\"burn out maternel islam\"},{\"@type\":\"BreadcrumbList\",\"@id\":\"https:\/\/allomouton.com\/mag\/burn-out-maternel-islam\/#breadcrumb\",\"itemListElement\":[{\"@type\":\"ListItem\",\"position\":1,\"name\":\"Le Mag\",\"item\":\"https:\/\/allomouton.com\/mag\/\"},{\"@type\":\"ListItem\",\"position\":2,\"name\":\"Parentalit\u00e9 en Islam\",\"item\":\"https:\/\/allomouton.com\/mag\/category\/parentalite\/\"},{\"@type\":\"ListItem\",\"position\":3,\"name\":\"Naissance en Islam\",\"item\":\"https:\/\/allomouton.com\/mag\/category\/parentalite\/naissance-islam\/\"},{\"@type\":\"ListItem\",\"position\":4,\"name\":\"Le burn-out maternel et Islam : comprendre et pr\u00e9venir.\"}]},{\"@type\":\"WebSite\",\"@id\":\"https:\/\/allomouton.com\/mag\/#website\",\"url\":\"https:\/\/allomouton.com\/mag\/\",\"name\":\"Le Mag par Allo Mouton\",\"description\":\"\",\"publisher\":{\"@id\":\"https:\/\/allomouton.com\/mag\/#organization\"},\"potentialAction\":[{\"@type\":\"SearchAction\",\"target\":{\"@type\":\"EntryPoint\",\"urlTemplate\":\"https:\/\/allomouton.com\/mag\/?s={search_term_string}\"},\"query-input\":{\"@type\":\"PropertyValueSpecification\",\"valueRequired\":true,\"valueName\":\"search_term_string\"}}],\"inLanguage\":\"fr-FR\"},{\"@type\":\"Organization\",\"@id\":\"https:\/\/allomouton.com\/mag\/#organization\",\"name\":\"Le Mag par Allo Mouton\",\"url\":\"https:\/\/allomouton.com\/mag\/\",\"logo\":{\"@type\":\"ImageObject\",\"inLanguage\":\"fr-FR\",\"@id\":\"https:\/\/allomouton.com\/mag\/#\/schema\/logo\/image\/\",\"url\":\"https:\/\/allomouton.com\/mag\/wp-content\/uploads\/2025\/02\/Logo-AM-2025-Site.png\",\"contentUrl\":\"https:\/\/allomouton.com\/mag\/wp-content\/uploads\/2025\/02\/Logo-AM-2025-Site.png\",\"width\":251,\"height\":156,\"caption\":\"Le Mag par Allo Mouton\"},\"image\":{\"@id\":\"https:\/\/allomouton.com\/mag\/#\/schema\/logo\/image\/\"}},{\"@type\":\"Person\",\"@id\":\"https:\/\/allomouton.com\/mag\/#\/schema\/person\/c33acb907e79701dff8a66d95cc71fca\",\"name\":\"allomouton\",\"image\":{\"@type\":\"ImageObject\",\"inLanguage\":\"fr-FR\",\"@id\":\"https:\/\/allomouton.com\/mag\/#\/schema\/person\/image\/\",\"url\":\"https:\/\/secure.gravatar.com\/avatar\/be16393b5bdfbc043ccf2fc462d746fa3a27c984b49a6489735b8894ef584254?s=96&d=mm&r=g\",\"contentUrl\":\"https:\/\/secure.gravatar.com\/avatar\/be16393b5bdfbc043ccf2fc462d746fa3a27c984b49a6489735b8894ef584254?s=96&d=mm&r=g\",\"caption\":\"allomouton\"},\"sameAs\":[\"http:\/\/allomouton.com\"]}]}<\/script>\n<!-- \/ Yoast SEO plugin. -->","yoast_head_json":{"title":"Le burn-out maternel et Islam : comprendre et pr\u00e9venir. | Allo-Mouton","description":"Le burn-out maternel et Islam : comprendre et pr\u00e9venir. D\u00e9couvrez les conseils d'Allo Mouton pour r\u00e9ussir vos \u00e9v\u00e8nements importants (Aqiqa, Aid el Adha...)","robots":{"index":"index","follow":"follow","max-snippet":"max-snippet:-1","max-image-preview":"max-image-preview:large","max-video-preview":"max-video-preview:-1"},"canonical":"https:\/\/allomouton.com\/mag\/burn-out-maternel-islam\/","og_locale":"fr_FR","og_type":"article","og_title":"Le burn-out maternel et Islam : comprendre et pr\u00e9venir. | Allo-Mouton","og_description":"Le burn-out maternel et Islam : comprendre et pr\u00e9venir. D\u00e9couvrez les conseils d'Allo Mouton pour r\u00e9ussir vos \u00e9v\u00e8nements importants (Aqiqa, Aid el Adha...)","og_url":"https:\/\/allomouton.com\/mag\/burn-out-maternel-islam\/","og_site_name":"Le Mag Par Allo-Mouton","article_published_time":"2024-12-30T14:21:10+00:00","article_modified_time":"2026-04-06T10:17:59+00:00","og_image":[{"width":800,"height":500,"url":"https:\/\/allomouton.com\/mag\/wp-content\/uploads\/2024\/12\/image-couverture-blog-44.png","type":"image\/png"}],"author":"allomouton","twitter_card":"summary_large_image","twitter_misc":{"\u00c9crit par":"allomouton","Dur\u00e9e de lecture estim\u00e9e":"6 minutes"},"schema":{"@context":"https:\/\/schema.org","@graph":[{"@type":"Article","@id":"https:\/\/allomouton.com\/mag\/burn-out-maternel-islam\/#article","isPartOf":{"@id":"https:\/\/allomouton.com\/mag\/burn-out-maternel-islam\/"},"author":{"name":"allomouton","@id":"https:\/\/allomouton.com\/mag\/#\/schema\/person\/c33acb907e79701dff8a66d95cc71fca"},"headline":"Le burn-out maternel et Islam : comprendre et pr\u00e9venir.","datePublished":"2024-12-30T14:21:10+00:00","dateModified":"2026-04-06T10:17:59+00:00","mainEntityOfPage":{"@id":"https:\/\/allomouton.com\/mag\/burn-out-maternel-islam\/"},"wordCount":1443,"commentCount":0,"publisher":{"@id":"https:\/\/allomouton.com\/mag\/#organization"},"image":{"@id":"https:\/\/allomouton.com\/mag\/burn-out-maternel-islam\/#primaryimage"},"thumbnailUrl":"https:\/\/allomouton.com\/mag\/wp-content\/uploads\/2024\/12\/image-couverture-blog-44.png","articleSection":["Naissance en Islam"],"inLanguage":"fr-FR","potentialAction":[{"@type":"CommentAction","name":"Comment","target":["https:\/\/allomouton.com\/mag\/burn-out-maternel-islam\/#respond"]}]},{"@type":"WebPage","@id":"https:\/\/allomouton.com\/mag\/burn-out-maternel-islam\/","url":"https:\/\/allomouton.com\/mag\/burn-out-maternel-islam\/","name":"Le burn-out maternel et Islam : comprendre et pr\u00e9venir. | Allo-Mouton","isPartOf":{"@id":"https:\/\/allomouton.com\/mag\/#website"},"primaryImageOfPage":{"@id":"https:\/\/allomouton.com\/mag\/burn-out-maternel-islam\/#primaryimage"},"image":{"@id":"https:\/\/allomouton.com\/mag\/burn-out-maternel-islam\/#primaryimage"},"thumbnailUrl":"https:\/\/allomouton.com\/mag\/wp-content\/uploads\/2024\/12\/image-couverture-blog-44.png","datePublished":"2024-12-30T14:21:10+00:00","dateModified":"2026-04-06T10:17:59+00:00","description":"Le burn-out maternel et Islam : comprendre et pr\u00e9venir. D\u00e9couvrez les conseils d'Allo Mouton pour r\u00e9ussir vos \u00e9v\u00e8nements importants (Aqiqa, Aid el Adha...)","breadcrumb":{"@id":"https:\/\/allomouton.com\/mag\/burn-out-maternel-islam\/#breadcrumb"},"inLanguage":"fr-FR","potentialAction":[{"@type":"ReadAction","target":["https:\/\/allomouton.com\/mag\/burn-out-maternel-islam\/"]}]},{"@type":"ImageObject","inLanguage":"fr-FR","@id":"https:\/\/allomouton.com\/mag\/burn-out-maternel-islam\/#primaryimage","url":"https:\/\/allomouton.com\/mag\/wp-content\/uploads\/2024\/12\/image-couverture-blog-44.png","contentUrl":"https:\/\/allomouton.com\/mag\/wp-content\/uploads\/2024\/12\/image-couverture-blog-44.png","width":800,"height":500,"caption":"burn out maternel islam"},{"@type":"BreadcrumbList","@id":"https:\/\/allomouton.com\/mag\/burn-out-maternel-islam\/#breadcrumb","itemListElement":[{"@type":"ListItem","position":1,"name":"Le Mag","item":"https:\/\/allomouton.com\/mag\/"},{"@type":"ListItem","position":2,"name":"Parentalit\u00e9 en Islam","item":"https:\/\/allomouton.com\/mag\/category\/parentalite\/"},{"@type":"ListItem","position":3,"name":"Naissance en Islam","item":"https:\/\/allomouton.com\/mag\/category\/parentalite\/naissance-islam\/"},{"@type":"ListItem","position":4,"name":"Le burn-out maternel et Islam : comprendre et pr\u00e9venir."}]},{"@type":"WebSite","@id":"https:\/\/allomouton.com\/mag\/#website","url":"https:\/\/allomouton.com\/mag\/","name":"Le Mag par Allo Mouton","description":"","publisher":{"@id":"https:\/\/allomouton.com\/mag\/#organization"},"potentialAction":[{"@type":"SearchAction","target":{"@type":"EntryPoint","urlTemplate":"https:\/\/allomouton.com\/mag\/?s={search_term_string}"},"query-input":{"@type":"PropertyValueSpecification","valueRequired":true,"valueName":"search_term_string"}}],"inLanguage":"fr-FR"},{"@type":"Organization","@id":"https:\/\/allomouton.com\/mag\/#organization","name":"Le Mag par Allo Mouton","url":"https:\/\/allomouton.com\/mag\/","logo":{"@type":"ImageObject","inLanguage":"fr-FR","@id":"https:\/\/allomouton.com\/mag\/#\/schema\/logo\/image\/","url":"https:\/\/allomouton.com\/mag\/wp-content\/uploads\/2025\/02\/Logo-AM-2025-Site.png","contentUrl":"https:\/\/allomouton.com\/mag\/wp-content\/uploads\/2025\/02\/Logo-AM-2025-Site.png","width":251,"height":156,"caption":"Le Mag par Allo Mouton"},"image":{"@id":"https:\/\/allomouton.com\/mag\/#\/schema\/logo\/image\/"}},{"@type":"Person","@id":"https:\/\/allomouton.com\/mag\/#\/schema\/person\/c33acb907e79701dff8a66d95cc71fca","name":"allomouton","image":{"@type":"ImageObject","inLanguage":"fr-FR","@id":"https:\/\/allomouton.com\/mag\/#\/schema\/person\/image\/","url":"https:\/\/secure.gravatar.com\/avatar\/be16393b5bdfbc043ccf2fc462d746fa3a27c984b49a6489735b8894ef584254?s=96&d=mm&r=g","contentUrl":"https:\/\/secure.gravatar.com\/avatar\/be16393b5bdfbc043ccf2fc462d746fa3a27c984b49a6489735b8894ef584254?s=96&d=mm&r=g","caption":"allomouton"},"sameAs":["http:\/\/allomouton.com"]}]}},"_links":{"self":[{"href":"https:\/\/allomouton.com\/mag\/wp-json\/wp\/v2\/posts\/2760","targetHints":{"allow":["GET"]}}],"collection":[{"href":"https:\/\/allomouton.com\/mag\/wp-json\/wp\/v2\/posts"}],"about":[{"href":"https:\/\/allomouton.com\/mag\/wp-json\/wp\/v2\/types\/post"}],"author":[{"embeddable":true,"href":"https:\/\/allomouton.com\/mag\/wp-json\/wp\/v2\/users\/3"}],"replies":[{"embeddable":true,"href":"https:\/\/allomouton.com\/mag\/wp-json\/wp\/v2\/comments?post=2760"}],"version-history":[{"count":7,"href":"https:\/\/allomouton.com\/mag\/wp-json\/wp\/v2\/posts\/2760\/revisions"}],"predecessor-version":[{"id":5858,"href":"https:\/\/allomouton.com\/mag\/wp-json\/wp\/v2\/posts\/2760\/revisions\/5858"}],"wp:featuredmedia":[{"embeddable":true,"href":"https:\/\/allomouton.com\/mag\/wp-json\/wp\/v2\/media\/2766"}],"wp:attachment":[{"href":"https:\/\/allomouton.com\/mag\/wp-json\/wp\/v2\/media?parent=2760"}],"wp:term":[{"taxonomy":"category","embeddable":true,"href":"https:\/\/allomouton.com\/mag\/wp-json\/wp\/v2\/categories?post=2760"},{"taxonomy":"post_tag","embeddable":true,"href":"https:\/\/allomouton.com\/mag\/wp-json\/wp\/v2\/tags?post=2760"}],"curies":[{"name":"wp","href":"https:\/\/api.w.org\/{rel}","templated":true}]}}