{"id":3323,"date":"2025-03-06T13:08:46","date_gmt":"2025-03-06T12:08:46","guid":{"rendered":"https:\/\/allomouton.com\/mag\/?p=3323"},"modified":"2026-04-06T12:17:20","modified_gmt":"2026-04-06T10:17:20","slug":"aid-el-adha-belgique","status":"publish","type":"post","link":"https:\/\/allomouton.com\/mag\/aid-el-adha-belgique\/","title":{"rendered":"A\u00efd el Adha en Belgique"},"content":{"rendered":"\n<p>L\u2019Aid El Adha, \u00e9galement connu sous le nom de F\u00eate du Sacrifice, est l\u2019une des plus grandes f\u00eates musulmanes. Chaque ann\u00e9e, les familles musulmanes de Belgique se pr\u00e9parent \u00e0 c\u00e9l\u00e9brer cet \u00e9v\u00e9nement important en suivant des traditions bien ancr\u00e9es. Si vous cherchez des informations sur l&rsquo;Aid El Adha en Belgique, voici tout ce que vous devez savoir.<\/p>\n\n\n\n<div id=\"aid-countdown\" style=\"font-family: 'Poppins', sans-serif; text-align: center; background: #fdf5e6; padding: 20px; border-radius: 10px; box-shadow: 0px 4px 8px rgba(0, 0, 0, 0.1); max-width: 400px; margin: auto;\">\n    <h2 style=\"color: #d10000; font-size: 24px; margin-bottom: 10px;\">\ud83d\udd70\ufe0f Compte \u00e0 rebours avant l&rsquo;A\u00efd el-Adha<\/h2>\n    <p style=\"color: #555; font-size: 16px;\">Pr\u00e9parez-vous pour cette grande f\u00eate !<\/p>\n    <div id=\"countdown-timer\" style=\"font-size: 28px; font-weight: bold; color: #d10000; padding: 10px;\"><\/div>\n<\/div>\n\n<script>\n    function updateCountdown() {\n        const aidDate = new Date('2025-06-06T00:00:00');  \/\/ Date corrig\u00e9e de l'A\u00efd el-Adha : 6 juin 2025\n        const now = new Date();\n        const diff = aidDate - now;\n\n        if (diff <= 0) {\n            document.getElementById('countdown-timer').innerHTML = \"\ud83c\udf89 L'A\u00efd el-Adha est arriv\u00e9 !\";\n            return;\n        }\n\n        const days = Math.floor(diff \/ (1000 * 60 * 60 * 24));\n        const hours = Math.floor((diff % (1000 * 60 * 60 * 24)) \/ (1000 * 60 * 60));\n        const minutes = Math.floor((diff % (1000 * 60 * 60)) \/ (1000 * 60));\n        const seconds = Math.floor((diff % (1000 * 60)) \/ 1000);\n\n        document.getElementById('countdown-timer').innerHTML = \n            `${days}j ${hours}h ${minutes}m ${seconds}s`;\n    }\n\n    setInterval(updateCountdown, 1000);\n    updateCountdown();\n<\/script>\n\n\n\n<h2 class=\"wp-block-heading\">Quand aura lieu l'Aid El Adha 2025 en Belgique ?<\/h2>\n\n\n\n<p>La date de l'Aid El Adha est d\u00e9termin\u00e9e selon le calendrier lunaire islamique. En 2025, la f\u00eate devrait avoir lieu aux alentours du 6 juin 2025, sous r\u00e9serve de la confirmation officielle des autorit\u00e9s religieuses.<\/p>\n\n\n\n<h2 class=\"wp-block-heading\">Les traditions de l\u2019Aid El Adha en Belgique<\/h2>\n\n\n\n<div class=\"bloc-info\">\n<strong>\u00c0 retenir<\/strong>\nL'A\u00efd el-Adha 2025 aura lieu le 6 juin en Belgique. Pour le sacrifice, tu dois obligatoirement passer par un abattoir agr\u00e9\u00e9 (l'abattage \u00e0 domicile est interdit) : tu peux commander chez Allo Mouton, te tourner vers une boucherie halal ou contacter directement un \u00e9leveur local qui g\u00e8re l'abattage dans le cadre l\u00e9gal.\n<\/div>\n\n\n\n<p>Durant cette f\u00eate, les familles musulmanes accomplissent plusieurs rites religieux et festifs :<\/p>\n\n\n\n<ul class=\"wp-block-list\"><li><p>La pri\u00e8re matinale collective dans les mosqu\u00e9es ou en plein air.<\/p><\/li><li><p>Le sacrifice d\u2019un mouton, en souvenir du geste proph\u00e9tique d\u2019Ibrahim.<\/p><\/li><li><p>Le partage de la viande avec la famille, les amis et les personnes dans le besoin.<\/p><\/li><li><p>Un repas festif rassemblant la famille et les amis.<\/p><\/li><\/ul>\n\n\n\n<h2 class=\"wp-block-heading\">O\u00f9 acheter un mouton pour l'Aid El Adha en Belgique ?<\/h2>\n\n\n\n<p>L\u2019achat du mouton est un \u00e9l\u00e9ment cl\u00e9 de la f\u00eate. En Belgique, plusieurs solutions existent pour se procurer un animal conforme aux exigences religieuses et sanitaires :<\/p>\n\n\n\n<ol class=\"wp-block-list\"><li><p><strong>Abattoirs agr\u00e9\u00e9s<\/strong> : Certaines villes mettent en place des abattoirs temporaires pour permettre un sacrifice dans le respect des r\u00e8gles d\u2019hygi\u00e8ne et du bien-\u00eatre animal.<\/p><\/li><li><p><strong>Boucheries halal<\/strong> : De nombreux boucheries halal proposent des moutons pr\u00e9alablement abattus selon le rite musulman.<\/p><\/li><li><p><strong>Fermes et \u00e9leveurs locaux<\/strong> : Certains \u00e9leveurs vendent directement aux familles, avec une prise en charge du sacrifice dans un cadre r\u00e9glement\u00e9.<\/p><\/li><li><strong>Allo Mouton : <\/strong>Vous avez le choix entre un don nominatif \u00e0 l'\u00e9tranger et l'achat de votre mouton certifi\u00e9 halal que vous recevez chez vous.\u00a0<\/li><\/ol>\n\n\n\n<h2 class=\"wp-block-heading\">Les r\u00e9glementations en Belgique<\/h2>\n\n\n\n<p>En Belgique, le sacrifice doit respecter des r\u00e8gles strictes :<\/p>\n\n\n\n<ul class=\"wp-block-list\"><li><p>L\u2019abattage doit se faire dans un abattoir agr\u00e9\u00e9.<\/p><\/li><li><p>L\u2019interdiction de l\u2019abattage \u00e0 domicile, sous peine d\u2019amende.<\/p><\/li><li><p>Le respect du bien-\u00eatre animal et des normes sanitaires en vigueur.<\/p><\/li><\/ul>\n\n\n\n<figure class=\"wp-block-image\"><a href=\"https:\/\/allomouton.com\/categories\/eid-el-edha\"><img decoding=\"async\" src=\"https:\/\/allomouton.com\/mag\/wp-content\/uploads\/2025\/04\/CTA_AM_CampagneDonAid.png\" alt=\"\"\/><\/a><\/figure>\n\n\n\n<hr class=\"wp-block-separator\"\/>\n\n\n\n<p>L\u2019Aid El Adha est un moment de partage et de solidarit\u00e9 pour la communaut\u00e9 musulmane en Belgique. Pour profiter pleinement de cette f\u00eate tout en respectant les r\u00e9glementations locales, il est essentiel de bien s\u2019informer et d\u2019anticiper son organisation.<\/p>\n\n\n\n<p>Pour plus d\u2019informations sur l\u2019achat de moutons et les services disponibles, n\u2019h\u00e9sitez pas \u00e0 consulter Allo Mouton, votre partenaire de confiance pour un Aid El Adha r\u00e9ussi en Belgique.<\/p>\n","protected":false},"excerpt":{"rendered":"<p>L\u2019Aid El Adha, \u00e9galement connu sous le nom de F\u00eate du Sacrifice, est l\u2019une des plus grandes f\u00eates musulmanes. Chaque ann\u00e9e, les familles musulmanes de Belgique se pr\u00e9parent \u00e0 c\u00e9l\u00e9brer cet \u00e9v\u00e9nement important en suivant des traditions bien ancr\u00e9es. Si vous cherchez des informations sur l&rsquo;Aid El Adha en Belgique, voici tout ce que vous [&hellip;]<\/p>\n","protected":false},"author":3,"featured_media":3325,"comment_status":"open","ping_status":"open","sticky":false,"template":"","format":"standard","meta":{"_elementor_edit_mode":"","_elementor_data":"[{\"id\":\"47a2365\",\"elType\":\"container\",\"settings\":{\"flex_direction\":\"column\"},\"elements\":[{\"id\":\"fc1e196\",\"elType\":\"widget\",\"settings\":{\"content_width\":\"full\",\"editor\":\"<p>L\\u2019Aid El Adha, \\u00e9galement connu sous le nom de F\\u00eate du Sacrifice, est l\\u2019une des plus grandes f\\u00eates musulmanes. Chaque ann\\u00e9e, les familles musulmanes de Belgique se pr\\u00e9parent \\u00e0 c\\u00e9l\\u00e9brer cet \\u00e9v\\u00e9nement important en suivant des traditions bien ancr\\u00e9es. Si vous cherchez des informations sur l'Aid El Adha en Belgique, voici tout ce que vous devez savoir.<\\\/p>\"},\"elements\":[],\"widgetType\":\"text-editor\"},{\"id\":\"7551d67\",\"elType\":\"widget\",\"settings\":{\"content_width\":\"full\",\"html\":\"<div id=\\\"aid-countdown\\\" style=\\\"font-family: 'Poppins', sans-serif; text-align: center; background: #fdf5e6; padding: 20px; border-radius: 10px; box-shadow: 0px 4px 8px rgba(0, 0, 0, 0.1); max-width: 400px; margin: auto;\\\">\\n    <h2 style=\\\"color: #d10000; font-size: 24px; margin-bottom: 10px;\\\">\\ud83d\\udd70\\ufe0f Compte \\u00e0 rebours avant l'A\\u00efd el-Adha<\\\/h2>\\n    <p style=\\\"color: #555; font-size: 16px;\\\">Pr\\u00e9parez-vous pour cette grande f\\u00eate !<\\\/p>\\n    <div id=\\\"countdown-timer\\\" style=\\\"font-size: 28px; font-weight: bold; color: #d10000; padding: 10px;\\\"><\\\/div>\\n<\\\/div>\\n\\n<script>\\n    function updateCountdown() {\\n        const aidDate = new Date('2025-06-06T00:00:00');  \\\/\\\/ Date corrig\\u00e9e de l'A\\u00efd el-Adha : 6 juin 2025\\n        const now = new Date();\\n        const diff = aidDate - now;\\n\\n        if (diff <= 0) {\\n            document.getElementById('countdown-timer').innerHTML = \\\"\\ud83c\\udf89 L'A\\u00efd el-Adha est arriv\\u00e9 !\\\";\\n            return;\\n        }\\n\\n        const days = Math.floor(diff \\\/ (1000 * 60 * 60 * 24));\\n        const hours = Math.floor((diff % (1000 * 60 * 60 * 24)) \\\/ (1000 * 60 * 60));\\n        const minutes = Math.floor((diff % (1000 * 60 * 60)) \\\/ (1000 * 60));\\n        const seconds = Math.floor((diff % (1000 * 60)) \\\/ 1000);\\n\\n        document.getElementById('countdown-timer').innerHTML = \\n            `${days}j ${hours}h ${minutes}m ${seconds}s`;\\n    }\\n\\n    setInterval(updateCountdown, 1000);\\n    updateCountdown();\\n<\\\/script>\\n\"},\"elements\":[],\"widgetType\":\"html\"},{\"id\":\"d2dd72a\",\"elType\":\"widget\",\"settings\":{\"content_width\":\"full\",\"title\":\"Quand aura lieu l'Aid El Adha 2025 en Belgique ?\"},\"elements\":[],\"widgetType\":\"heading\"},{\"id\":\"5dfef0c\",\"elType\":\"widget\",\"settings\":{\"content_width\":\"full\",\"editor\":\"<p data-pm-slice=\\\"1 1 []\\\">La date de l'Aid El Adha est d\\u00e9termin\\u00e9e selon le calendrier lunaire islamique. En 2025, la f\\u00eate devrait avoir lieu aux alentours du 6 juin 2025, sous r\\u00e9serve de la confirmation officielle des autorit\\u00e9s religieuses.\\u00a0<\\\/p>\"},\"elements\":[],\"widgetType\":\"text-editor\"},{\"id\":\"e303eac\",\"elType\":\"widget\",\"settings\":{\"content_width\":\"full\",\"title\":\"Les traditions de l\\u2019Aid El Adha en Belgique\"},\"elements\":[],\"widgetType\":\"heading\"},{\"id\":\"da00993\",\"elType\":\"widget\",\"settings\":{\"content_width\":\"full\",\"editor\":\"<p data-pm-slice=\\\"1 3 []\\\">Durant cette f\\u00eate, les familles musulmanes accomplissent plusieurs rites religieux et festifs :<\\\/p><ul data-spread=\\\"false\\\"><li><p>La pri\\u00e8re matinale collective dans les mosqu\\u00e9es ou en plein air.<\\\/p><\\\/li><li><p>Le sacrifice d\\u2019un mouton, en souvenir du geste proph\\u00e9tique d\\u2019Ibrahim.<\\\/p><\\\/li><li><p>Le partage de la viande avec la famille, les amis et les personnes dans le besoin.<\\\/p><\\\/li><li><p>Un repas festif rassemblant la famille et les amis.<\\\/p><\\\/li><\\\/ul>\"},\"elements\":[],\"widgetType\":\"text-editor\"},{\"id\":\"63fa153\",\"elType\":\"widget\",\"settings\":{\"content_width\":\"full\",\"title\":\"O\\u00f9 acheter un mouton pour l'Aid El Adha en Belgique ?\"},\"elements\":[],\"widgetType\":\"heading\"},{\"id\":\"26a029e\",\"elType\":\"widget\",\"settings\":{\"content_width\":\"full\",\"editor\":\"<p data-pm-slice=\\\"1 3 []\\\">L\\u2019achat du mouton est un \\u00e9l\\u00e9ment cl\\u00e9 de la f\\u00eate. En Belgique, plusieurs solutions existent pour se procurer un animal conforme aux exigences religieuses et sanitaires :<\\\/p><ol start=\\\"1\\\" data-spread=\\\"false\\\"><li><p><strong>Abattoirs agr\\u00e9\\u00e9s<\\\/strong> : Certaines villes mettent en place des abattoirs temporaires pour permettre un sacrifice dans le respect des r\\u00e8gles d\\u2019hygi\\u00e8ne et du bien-\\u00eatre animal.<\\\/p><\\\/li><li><p><strong>Boucheries halal<\\\/strong> : De nombreux boucheries halal proposent des moutons pr\\u00e9alablement abattus selon le rite musulman.<\\\/p><\\\/li><li><p><strong>Fermes et \\u00e9leveurs locaux<\\\/strong> : Certains \\u00e9leveurs vendent directement aux familles, avec une prise en charge du sacrifice dans un cadre r\\u00e9glement\\u00e9.<\\\/p><\\\/li><li><strong>Allo Mouton : <\\\/strong>Vous avez le choix entre un don nominatif \\u00e0 l'\\u00e9tranger et l'achat de votre mouton certifi\\u00e9 halal que vous recevez chez vous.\\u00a0<\\\/li><\\\/ol>\"},\"elements\":[],\"widgetType\":\"text-editor\"},{\"id\":\"187e97d\",\"elType\":\"widget\",\"settings\":{\"content_width\":\"full\",\"title\":\"Les r\\u00e9glementations en Belgique\"},\"elements\":[],\"widgetType\":\"heading\"},{\"id\":\"3a99355\",\"elType\":\"widget\",\"settings\":{\"content_width\":\"full\",\"editor\":\"<p data-pm-slice=\\\"1 3 []\\\">En Belgique, le sacrifice doit respecter des r\\u00e8gles strictes :<\\\/p><ul data-spread=\\\"false\\\"><li><p>L\\u2019abattage doit se faire dans un abattoir agr\\u00e9\\u00e9.<\\\/p><\\\/li><li><p>L\\u2019interdiction de l\\u2019abattage \\u00e0 domicile, sous peine d\\u2019amende.<\\\/p><\\\/li><li><p>Le respect du bien-\\u00eatre animal et des normes sanitaires en vigueur.<\\\/p><\\\/li><\\\/ul>\"},\"elements\":[],\"widgetType\":\"text-editor\"},{\"id\":\"4e80616\",\"elType\":\"widget\",\"settings\":{\"content_width\":\"full\",\"image\":{\"url\":\"https:\\\/\\\/allomouton.com\\\/mag\\\/wp-content\\\/uploads\\\/2025\\\/04\\\/CTA_AM_CampagneDonAid.png\",\"id\":3790,\"size\":\"\",\"alt\":\"\",\"source\":\"library\"},\"image_size\":\"full\",\"link_to\":\"custom\",\"link\":{\"url\":\"https:\\\/\\\/allomouton.com\\\/categories\\\/eid-el-edha\",\"is_external\":\"\",\"nofollow\":\"\",\"custom_attributes\":\"\"}},\"elements\":[],\"widgetType\":\"image\"},{\"id\":\"9b5f0aa\",\"elType\":\"widget\",\"settings\":{\"content_width\":\"full\",\"width\":{\"unit\":\"%\",\"size\":50,\"sizes\":[]},\"align\":\"center\",\"text\":\"S\\u00e9parateur\"},\"elements\":[],\"widgetType\":\"divider\"},{\"id\":\"f5fdade\",\"elType\":\"widget\",\"settings\":{\"content_width\":\"full\",\"editor\":\"<p data-pm-slice=\\\"1 1 []\\\">L\\u2019Aid El Adha est un moment de partage et de solidarit\\u00e9 pour la communaut\\u00e9 musulmane en Belgique. Pour profiter pleinement de cette f\\u00eate tout en respectant les r\\u00e9glementations locales, il est essentiel de bien s\\u2019informer et d\\u2019anticiper son organisation.<\\\/p><p>Pour plus d\\u2019informations sur l\\u2019achat de moutons et les services disponibles, n\\u2019h\\u00e9sitez pas \\u00e0 consulter Allo Mouton, votre partenaire de confiance pour un Aid El Adha r\\u00e9ussi en Belgique.<\\\/p>\"},\"elements\":[],\"widgetType\":\"text-editor\"}],\"isInner\":false}]","footnotes":""},"categories":[32],"tags":[],"class_list":["post-3323","post","type-post","status-publish","format-standard","has-post-thumbnail","hentry","category-fete-adha"],"yoast_head":"<!-- This site is optimized with the Yoast SEO plugin v26.3 - https:\/\/yoast.com\/wordpress\/plugins\/seo\/ -->\n<title>A\u00efd el Adha en Belgique | Allo-Mouton<\/title>\n<meta name=\"description\" content=\"A\u00efd el Adha en Belgique D\u00e9couvrez les conseils d&#039;Allo Mouton pour r\u00e9ussir vos \u00e9v\u00e8nements importants (Aqiqa, Aid el Adha...)\" \/>\n<meta name=\"robots\" content=\"index, follow, max-snippet:-1, max-image-preview:large, max-video-preview:-1\" \/>\n<link rel=\"canonical\" href=\"https:\/\/allomouton.com\/mag\/aid-el-adha-belgique\/\" \/>\n<meta property=\"og:locale\" content=\"fr_FR\" \/>\n<meta property=\"og:type\" content=\"article\" \/>\n<meta property=\"og:title\" content=\"A\u00efd el Adha en Belgique | Allo-Mouton\" \/>\n<meta property=\"og:description\" content=\"A\u00efd el Adha en Belgique D\u00e9couvrez les conseils d&#039;Allo Mouton pour r\u00e9ussir vos \u00e9v\u00e8nements importants (Aqiqa, Aid el Adha...)\" \/>\n<meta property=\"og:url\" content=\"https:\/\/allomouton.com\/mag\/aid-el-adha-belgique\/\" \/>\n<meta property=\"og:site_name\" content=\"Le Mag Par Allo-Mouton\" \/>\n<meta property=\"article:published_time\" content=\"2025-03-06T12:08:46+00:00\" \/>\n<meta property=\"article:modified_time\" content=\"2026-04-06T10:17:20+00:00\" \/>\n<meta property=\"og:image\" content=\"https:\/\/allomouton.com\/mag\/wp-content\/uploads\/2025\/03\/image-couverture-blog-58.png\" \/>\n\t<meta property=\"og:image:width\" content=\"800\" \/>\n\t<meta property=\"og:image:height\" content=\"500\" \/>\n\t<meta property=\"og:image:type\" content=\"image\/png\" \/>\n<meta name=\"author\" content=\"allomouton\" \/>\n<meta name=\"twitter:card\" content=\"summary_large_image\" \/>\n<meta name=\"twitter:label1\" content=\"\u00c9crit par\" \/>\n\t<meta name=\"twitter:data1\" content=\"allomouton\" \/>\n\t<meta name=\"twitter:label2\" content=\"Dur\u00e9e de lecture estim\u00e9e\" \/>\n\t<meta name=\"twitter:data2\" content=\"3 minutes\" \/>\n<script type=\"application\/ld+json\" class=\"yoast-schema-graph\">{\"@context\":\"https:\/\/schema.org\",\"@graph\":[{\"@type\":\"Article\",\"@id\":\"https:\/\/allomouton.com\/mag\/aid-el-adha-belgique\/#article\",\"isPartOf\":{\"@id\":\"https:\/\/allomouton.com\/mag\/aid-el-adha-belgique\/\"},\"author\":{\"name\":\"allomouton\",\"@id\":\"https:\/\/allomouton.com\/mag\/#\/schema\/person\/c33acb907e79701dff8a66d95cc71fca\"},\"headline\":\"A\u00efd el Adha en Belgique\",\"datePublished\":\"2025-03-06T12:08:46+00:00\",\"dateModified\":\"2026-04-06T10:17:20+00:00\",\"mainEntityOfPage\":{\"@id\":\"https:\/\/allomouton.com\/mag\/aid-el-adha-belgique\/\"},\"wordCount\":517,\"commentCount\":0,\"publisher\":{\"@id\":\"https:\/\/allomouton.com\/mag\/#organization\"},\"image\":{\"@id\":\"https:\/\/allomouton.com\/mag\/aid-el-adha-belgique\/#primaryimage\"},\"thumbnailUrl\":\"https:\/\/allomouton.com\/mag\/wp-content\/uploads\/2025\/03\/image-couverture-blog-58.png\",\"articleSection\":[\"F\u00eate Aid el Adha\"],\"inLanguage\":\"fr-FR\",\"potentialAction\":[{\"@type\":\"CommentAction\",\"name\":\"Comment\",\"target\":[\"https:\/\/allomouton.com\/mag\/aid-el-adha-belgique\/#respond\"]}]},{\"@type\":\"WebPage\",\"@id\":\"https:\/\/allomouton.com\/mag\/aid-el-adha-belgique\/\",\"url\":\"https:\/\/allomouton.com\/mag\/aid-el-adha-belgique\/\",\"name\":\"A\u00efd el Adha en Belgique | Allo-Mouton\",\"isPartOf\":{\"@id\":\"https:\/\/allomouton.com\/mag\/#website\"},\"primaryImageOfPage\":{\"@id\":\"https:\/\/allomouton.com\/mag\/aid-el-adha-belgique\/#primaryimage\"},\"image\":{\"@id\":\"https:\/\/allomouton.com\/mag\/aid-el-adha-belgique\/#primaryimage\"},\"thumbnailUrl\":\"https:\/\/allomouton.com\/mag\/wp-content\/uploads\/2025\/03\/image-couverture-blog-58.png\",\"datePublished\":\"2025-03-06T12:08:46+00:00\",\"dateModified\":\"2026-04-06T10:17:20+00:00\",\"description\":\"A\u00efd el Adha en Belgique D\u00e9couvrez les conseils d'Allo Mouton pour r\u00e9ussir vos \u00e9v\u00e8nements importants (Aqiqa, Aid el Adha...)\",\"breadcrumb\":{\"@id\":\"https:\/\/allomouton.com\/mag\/aid-el-adha-belgique\/#breadcrumb\"},\"inLanguage\":\"fr-FR\",\"potentialAction\":[{\"@type\":\"ReadAction\",\"target\":[\"https:\/\/allomouton.com\/mag\/aid-el-adha-belgique\/\"]}]},{\"@type\":\"ImageObject\",\"inLanguage\":\"fr-FR\",\"@id\":\"https:\/\/allomouton.com\/mag\/aid-el-adha-belgique\/#primaryimage\",\"url\":\"https:\/\/allomouton.com\/mag\/wp-content\/uploads\/2025\/03\/image-couverture-blog-58.png\",\"contentUrl\":\"https:\/\/allomouton.com\/mag\/wp-content\/uploads\/2025\/03\/image-couverture-blog-58.png\",\"width\":800,\"height\":500},{\"@type\":\"BreadcrumbList\",\"@id\":\"https:\/\/allomouton.com\/mag\/aid-el-adha-belgique\/#breadcrumb\",\"itemListElement\":[{\"@type\":\"ListItem\",\"position\":1,\"name\":\"Le Mag\",\"item\":\"https:\/\/allomouton.com\/mag\/\"},{\"@type\":\"ListItem\",\"position\":2,\"name\":\"Aid El Adha\",\"item\":\"https:\/\/allomouton.com\/mag\/category\/aid-el-adha\/\"},{\"@type\":\"ListItem\",\"position\":3,\"name\":\"F\u00eate Aid el Adha\",\"item\":\"https:\/\/allomouton.com\/mag\/category\/aid-el-adha\/fete-adha\/\"},{\"@type\":\"ListItem\",\"position\":4,\"name\":\"A\u00efd el Adha en Belgique\"}]},{\"@type\":\"WebSite\",\"@id\":\"https:\/\/allomouton.com\/mag\/#website\",\"url\":\"https:\/\/allomouton.com\/mag\/\",\"name\":\"Le Mag par Allo Mouton\",\"description\":\"\",\"publisher\":{\"@id\":\"https:\/\/allomouton.com\/mag\/#organization\"},\"potentialAction\":[{\"@type\":\"SearchAction\",\"target\":{\"@type\":\"EntryPoint\",\"urlTemplate\":\"https:\/\/allomouton.com\/mag\/?s={search_term_string}\"},\"query-input\":{\"@type\":\"PropertyValueSpecification\",\"valueRequired\":true,\"valueName\":\"search_term_string\"}}],\"inLanguage\":\"fr-FR\"},{\"@type\":\"Organization\",\"@id\":\"https:\/\/allomouton.com\/mag\/#organization\",\"name\":\"Le Mag par Allo Mouton\",\"url\":\"https:\/\/allomouton.com\/mag\/\",\"logo\":{\"@type\":\"ImageObject\",\"inLanguage\":\"fr-FR\",\"@id\":\"https:\/\/allomouton.com\/mag\/#\/schema\/logo\/image\/\",\"url\":\"https:\/\/allomouton.com\/mag\/wp-content\/uploads\/2025\/02\/Logo-AM-2025-Site.png\",\"contentUrl\":\"https:\/\/allomouton.com\/mag\/wp-content\/uploads\/2025\/02\/Logo-AM-2025-Site.png\",\"width\":251,\"height\":156,\"caption\":\"Le Mag par Allo Mouton\"},\"image\":{\"@id\":\"https:\/\/allomouton.com\/mag\/#\/schema\/logo\/image\/\"}},{\"@type\":\"Person\",\"@id\":\"https:\/\/allomouton.com\/mag\/#\/schema\/person\/c33acb907e79701dff8a66d95cc71fca\",\"name\":\"allomouton\",\"image\":{\"@type\":\"ImageObject\",\"inLanguage\":\"fr-FR\",\"@id\":\"https:\/\/allomouton.com\/mag\/#\/schema\/person\/image\/\",\"url\":\"https:\/\/secure.gravatar.com\/avatar\/be16393b5bdfbc043ccf2fc462d746fa3a27c984b49a6489735b8894ef584254?s=96&d=mm&r=g\",\"contentUrl\":\"https:\/\/secure.gravatar.com\/avatar\/be16393b5bdfbc043ccf2fc462d746fa3a27c984b49a6489735b8894ef584254?s=96&d=mm&r=g\",\"caption\":\"allomouton\"},\"sameAs\":[\"http:\/\/allomouton.com\"]}]}<\/script>\n<!-- \/ Yoast SEO plugin. -->","yoast_head_json":{"title":"A\u00efd el Adha en Belgique | Allo-Mouton","description":"A\u00efd el Adha en Belgique D\u00e9couvrez les conseils d'Allo Mouton pour r\u00e9ussir vos \u00e9v\u00e8nements importants (Aqiqa, Aid el Adha...)","robots":{"index":"index","follow":"follow","max-snippet":"max-snippet:-1","max-image-preview":"max-image-preview:large","max-video-preview":"max-video-preview:-1"},"canonical":"https:\/\/allomouton.com\/mag\/aid-el-adha-belgique\/","og_locale":"fr_FR","og_type":"article","og_title":"A\u00efd el Adha en Belgique | Allo-Mouton","og_description":"A\u00efd el Adha en Belgique D\u00e9couvrez les conseils d'Allo Mouton pour r\u00e9ussir vos \u00e9v\u00e8nements importants (Aqiqa, Aid el Adha...)","og_url":"https:\/\/allomouton.com\/mag\/aid-el-adha-belgique\/","og_site_name":"Le Mag Par Allo-Mouton","article_published_time":"2025-03-06T12:08:46+00:00","article_modified_time":"2026-04-06T10:17:20+00:00","og_image":[{"width":800,"height":500,"url":"https:\/\/allomouton.com\/mag\/wp-content\/uploads\/2025\/03\/image-couverture-blog-58.png","type":"image\/png"}],"author":"allomouton","twitter_card":"summary_large_image","twitter_misc":{"\u00c9crit par":"allomouton","Dur\u00e9e de lecture estim\u00e9e":"3 minutes"},"schema":{"@context":"https:\/\/schema.org","@graph":[{"@type":"Article","@id":"https:\/\/allomouton.com\/mag\/aid-el-adha-belgique\/#article","isPartOf":{"@id":"https:\/\/allomouton.com\/mag\/aid-el-adha-belgique\/"},"author":{"name":"allomouton","@id":"https:\/\/allomouton.com\/mag\/#\/schema\/person\/c33acb907e79701dff8a66d95cc71fca"},"headline":"A\u00efd el Adha en Belgique","datePublished":"2025-03-06T12:08:46+00:00","dateModified":"2026-04-06T10:17:20+00:00","mainEntityOfPage":{"@id":"https:\/\/allomouton.com\/mag\/aid-el-adha-belgique\/"},"wordCount":517,"commentCount":0,"publisher":{"@id":"https:\/\/allomouton.com\/mag\/#organization"},"image":{"@id":"https:\/\/allomouton.com\/mag\/aid-el-adha-belgique\/#primaryimage"},"thumbnailUrl":"https:\/\/allomouton.com\/mag\/wp-content\/uploads\/2025\/03\/image-couverture-blog-58.png","articleSection":["F\u00eate Aid el Adha"],"inLanguage":"fr-FR","potentialAction":[{"@type":"CommentAction","name":"Comment","target":["https:\/\/allomouton.com\/mag\/aid-el-adha-belgique\/#respond"]}]},{"@type":"WebPage","@id":"https:\/\/allomouton.com\/mag\/aid-el-adha-belgique\/","url":"https:\/\/allomouton.com\/mag\/aid-el-adha-belgique\/","name":"A\u00efd el Adha en Belgique | Allo-Mouton","isPartOf":{"@id":"https:\/\/allomouton.com\/mag\/#website"},"primaryImageOfPage":{"@id":"https:\/\/allomouton.com\/mag\/aid-el-adha-belgique\/#primaryimage"},"image":{"@id":"https:\/\/allomouton.com\/mag\/aid-el-adha-belgique\/#primaryimage"},"thumbnailUrl":"https:\/\/allomouton.com\/mag\/wp-content\/uploads\/2025\/03\/image-couverture-blog-58.png","datePublished":"2025-03-06T12:08:46+00:00","dateModified":"2026-04-06T10:17:20+00:00","description":"A\u00efd el Adha en Belgique D\u00e9couvrez les conseils d'Allo Mouton pour r\u00e9ussir vos \u00e9v\u00e8nements importants (Aqiqa, Aid el Adha...)","breadcrumb":{"@id":"https:\/\/allomouton.com\/mag\/aid-el-adha-belgique\/#breadcrumb"},"inLanguage":"fr-FR","potentialAction":[{"@type":"ReadAction","target":["https:\/\/allomouton.com\/mag\/aid-el-adha-belgique\/"]}]},{"@type":"ImageObject","inLanguage":"fr-FR","@id":"https:\/\/allomouton.com\/mag\/aid-el-adha-belgique\/#primaryimage","url":"https:\/\/allomouton.com\/mag\/wp-content\/uploads\/2025\/03\/image-couverture-blog-58.png","contentUrl":"https:\/\/allomouton.com\/mag\/wp-content\/uploads\/2025\/03\/image-couverture-blog-58.png","width":800,"height":500},{"@type":"BreadcrumbList","@id":"https:\/\/allomouton.com\/mag\/aid-el-adha-belgique\/#breadcrumb","itemListElement":[{"@type":"ListItem","position":1,"name":"Le Mag","item":"https:\/\/allomouton.com\/mag\/"},{"@type":"ListItem","position":2,"name":"Aid El Adha","item":"https:\/\/allomouton.com\/mag\/category\/aid-el-adha\/"},{"@type":"ListItem","position":3,"name":"F\u00eate Aid el Adha","item":"https:\/\/allomouton.com\/mag\/category\/aid-el-adha\/fete-adha\/"},{"@type":"ListItem","position":4,"name":"A\u00efd el Adha en Belgique"}]},{"@type":"WebSite","@id":"https:\/\/allomouton.com\/mag\/#website","url":"https:\/\/allomouton.com\/mag\/","name":"Le Mag par Allo Mouton","description":"","publisher":{"@id":"https:\/\/allomouton.com\/mag\/#organization"},"potentialAction":[{"@type":"SearchAction","target":{"@type":"EntryPoint","urlTemplate":"https:\/\/allomouton.com\/mag\/?s={search_term_string}"},"query-input":{"@type":"PropertyValueSpecification","valueRequired":true,"valueName":"search_term_string"}}],"inLanguage":"fr-FR"},{"@type":"Organization","@id":"https:\/\/allomouton.com\/mag\/#organization","name":"Le Mag par Allo Mouton","url":"https:\/\/allomouton.com\/mag\/","logo":{"@type":"ImageObject","inLanguage":"fr-FR","@id":"https:\/\/allomouton.com\/mag\/#\/schema\/logo\/image\/","url":"https:\/\/allomouton.com\/mag\/wp-content\/uploads\/2025\/02\/Logo-AM-2025-Site.png","contentUrl":"https:\/\/allomouton.com\/mag\/wp-content\/uploads\/2025\/02\/Logo-AM-2025-Site.png","width":251,"height":156,"caption":"Le Mag par Allo Mouton"},"image":{"@id":"https:\/\/allomouton.com\/mag\/#\/schema\/logo\/image\/"}},{"@type":"Person","@id":"https:\/\/allomouton.com\/mag\/#\/schema\/person\/c33acb907e79701dff8a66d95cc71fca","name":"allomouton","image":{"@type":"ImageObject","inLanguage":"fr-FR","@id":"https:\/\/allomouton.com\/mag\/#\/schema\/person\/image\/","url":"https:\/\/secure.gravatar.com\/avatar\/be16393b5bdfbc043ccf2fc462d746fa3a27c984b49a6489735b8894ef584254?s=96&d=mm&r=g","contentUrl":"https:\/\/secure.gravatar.com\/avatar\/be16393b5bdfbc043ccf2fc462d746fa3a27c984b49a6489735b8894ef584254?s=96&d=mm&r=g","caption":"allomouton"},"sameAs":["http:\/\/allomouton.com"]}]}},"_links":{"self":[{"href":"https:\/\/allomouton.com\/mag\/wp-json\/wp\/v2\/posts\/3323","targetHints":{"allow":["GET"]}}],"collection":[{"href":"https:\/\/allomouton.com\/mag\/wp-json\/wp\/v2\/posts"}],"about":[{"href":"https:\/\/allomouton.com\/mag\/wp-json\/wp\/v2\/types\/post"}],"author":[{"embeddable":true,"href":"https:\/\/allomouton.com\/mag\/wp-json\/wp\/v2\/users\/3"}],"replies":[{"embeddable":true,"href":"https:\/\/allomouton.com\/mag\/wp-json\/wp\/v2\/comments?post=3323"}],"version-history":[{"count":2,"href":"https:\/\/allomouton.com\/mag\/wp-json\/wp\/v2\/posts\/3323\/revisions"}],"predecessor-version":[{"id":5844,"href":"https:\/\/allomouton.com\/mag\/wp-json\/wp\/v2\/posts\/3323\/revisions\/5844"}],"wp:featuredmedia":[{"embeddable":true,"href":"https:\/\/allomouton.com\/mag\/wp-json\/wp\/v2\/media\/3325"}],"wp:attachment":[{"href":"https:\/\/allomouton.com\/mag\/wp-json\/wp\/v2\/media?parent=3323"}],"wp:term":[{"taxonomy":"category","embeddable":true,"href":"https:\/\/allomouton.com\/mag\/wp-json\/wp\/v2\/categories?post=3323"},{"taxonomy":"post_tag","embeddable":true,"href":"https:\/\/allomouton.com\/mag\/wp-json\/wp\/v2\/tags?post=3323"}],"curies":[{"name":"wp","href":"https:\/\/api.w.org\/{rel}","templated":true}]}}