{"id":3330,"date":"2025-03-07T14:15:07","date_gmt":"2025-03-07T13:15:07","guid":{"rendered":"https:\/\/allomouton.com\/mag\/?p=3330"},"modified":"2026-04-06T12:22:18","modified_gmt":"2026-04-06T10:22:18","slug":"aid-el-kebir-2025-date-officielle","status":"publish","type":"post","link":"https:\/\/allomouton.com\/mag\/aid-el-kebir-2025-date-officielle\/","title":{"rendered":"A\u00efd el Kebir 2025 : Quelle est la date officielle ?"},"content":{"rendered":"\n<div id=\"jours_restants_ramadan\" style=\"text-align: center; font-size: 34px; line-height: 1.6;\"><\/div>\n<div id=\"jours_restants_aid\" style=\"text-align: center; font-size: 34px; line-height: 1.6;\"><\/div>\n\n<p style=\"font-size: 12px; font-style: italic; color: #555; text-align: center; margin-top: 20px;\">\n    * Les dates exactes peuvent l\u00e9g\u00e8rement varier en fonction des observations lunaires, mais celles-ci sont des approximations.\n<\/p>\n\n<script>\n    \/\/ D\u00e9finir les dates cibles\n    var dateRamadan = new Date('2025-06-06T00:00:00'); \/\/ Date approximative du d\u00e9but du Ramadan 2025\n    var dateAid = new Date('2025-06-06T00:00:00'); \/\/ Date approximative de l'A\u00efd el-Adha 2025\n\n    \/\/ Fonction pour calculer la diff\u00e9rence en jours\n    function calculerJoursRestants(dateCible) {\n        var aujourdHui = new Date();\n        var difference = dateCible.getTime() - aujourdHui.getTime(); \/\/ Calcul en millisecondes\n        var joursRestants = Math.ceil(difference \/ (1000 * 60 * 60 * 24)); \/\/ Conversion en jours\n        return joursRestants;\n    }\n\n    \/\/ Fonction pour styliser et afficher le nombre de jours\n    function afficherJoursRestants(id, joursRestants, texte) {\n        var element = document.getElementById(id);\n        if (joursRestants > 0) {\n            element.innerHTML = texte + \" <span style='color: #FF5733; font-weight: bold;'>\" + joursRestants + \"<\/span> jours incha'Allah.\";\n        } else {\n            element.innerHTML = texte + \" est d\u00e9j\u00e0 commenc\u00e9.\";\n        }\n    }\n\n    \/\/ Affichage pour le Ramadan\n    var joursRestantsRamadan = calculerJoursRestants(dateRamadan);\n    afficherJoursRestants(\"jours_restants_ramadan\", joursRestantsRamadan, \"L'Aid el Kebir aura lieu dans \");\n\n    \n<\/script>\n\n\n\n<p>L&rsquo;A\u00efd el-Kebir, \u00e9galement appel\u00e9 A\u00efd al-Adha, est l&rsquo;une des f\u00eates les plus importantes de l&rsquo;islam. Elle comm\u00e9more le sacrifice du proph\u00e8te Ibrahim (as) et marque un moment de partage et de g\u00e9n\u00e9rosit\u00e9 au sein des familles musulmanes du monde entier.<\/p>\n\n\n\n<h2 class=\"wp-block-heading\">Quelle est la date de l&rsquo;A\u00efd el Kebir 2025 ?<\/h2>\n\n\n\n<p>L&rsquo;A\u00efd el-Kebir est c\u00e9l\u00e9br\u00e9e le <strong>10e jour de Dhou al-Hijja<\/strong>, le dernier mois du calendrier islamique. En <strong>2025, l&rsquo;A\u00efd el-Adha est attendue pour le vendredi 6 juin<\/strong> (10 Dhou al-Hijja 1446 dans le calendrier h\u00e9girien). Cependant, cette date est sujette \u00e0 confirmation par les autorit\u00e9s religieuses, car elle d\u00e9pend de l&rsquo;observation du croissant lunaire marquant le d\u00e9but du mois de Dhou al-Hijja.<\/p>\n\n\n\n<h2 class=\"wp-block-heading\">Pourquoi la date de l&rsquo;A\u00efd el Kebir varie-t-elle chaque ann\u00e9e ?<\/h2>\n\n\n\n<div class=\"bloc-info\">\n<strong>\u00c0 retenir<\/strong>\nL&rsquo;A\u00efd el-Kebir 2025 est attendue pour le vendredi 6 juin (10 Dhou al-Hijja 1446), mais cette date sera confirm\u00e9e officiellement par les autorit\u00e9s religieuses selon l&rsquo;observation du croissant lunaire. Le calendrier islamique \u00e9tant lunaire, la f\u00eate se d\u00e9cale chaque ann\u00e9e d&rsquo;environ 10 jours par rapport au calendrier gr\u00e9gorien.\n<\/div>\n\n\n\n<p>Le calendrier islamique est un calendrier lunaire de 354 ou 355 jours, soit environ 10 jours de moins que le calendrier gr\u00e9gorien. De ce fait, l&rsquo;A\u00efd el-Kebir se d\u00e9cale chaque ann\u00e9e d&rsquo;environ 10 \u00e0 11 jours par rapport au calendrier occidental.<\/p>\n\n\n\n<h2 class=\"wp-block-heading\">Comment pr\u00e9parer l&rsquo;A\u00efd el Kebir 2025 ?<\/h2>\n\n\n\n<p>L&rsquo;A\u00efd el-Kebir est une p\u00e9riode de pri\u00e8re, de r\u00e9flexion et de g\u00e9n\u00e9rosit\u00e9. Voici quelques \u00e9l\u00e9ments essentiels pour bien pr\u00e9parer cette f\u00eate :<\/p>\n\n\n\n<ol class=\"wp-block-list\"><li><p><strong>Le sacrifice rituel<\/strong> : La tradition veut que chaque famille musulmane ayant les moyens r\u00e9alise le sacrifice d&rsquo;un mouton, d&rsquo;une vache ou d&rsquo;une ch\u00e8vre, en respectant les r\u00e8gles islamiques. Le choix du mouton est le plus r\u00e9pandu.<\/p><\/li><li><p><strong>La pri\u00e8re de l&rsquo;A\u00efd<\/strong> : Elle est accomplie en communaut\u00e9 dans les mosqu\u00e9es ou en plein air, suivie d&rsquo;un sermon.<\/p><\/li><li><p><strong>Le partage et la solidarit\u00e9<\/strong> : Une partie de la viande sacrifi\u00e9e est destin\u00e9e aux personnes dans le besoin.<\/p><\/li><li><p><strong>Les r\u00e9jouissances familiales<\/strong> : L&rsquo;A\u00efd est aussi l&rsquo;occasion de se r\u00e9unir en famille et entre amis autour d&rsquo;un repas festif.<\/p><\/li><\/ol>\n\n\n\n<h2 class=\"wp-block-heading\">O\u00f9 acheter son mouton pour l&rsquo;A\u00efd el Kebir 2025 ?<\/h2>\n\n\n\n<p>De nombreux musulmans pr\u00e9voient l&rsquo;achat de leur mouton bien en amont de la f\u00eate. Chez <strong>Allo Mouton<\/strong>, nous vous proposons une solution simple et conforme aux pr\u00e9ceptes islamiques :<\/p>\n\n\n\n<ul class=\"wp-block-list\"><li><p>Commande en ligne avec livraison partout en France et en Belgique<\/p><\/li><li><p>Respect des normes halal et du bien-\u00eatre animal<\/p><\/li><li><p>Possibilit\u00e9 de faire un don pour les plus d\u00e9munis<\/p><\/li><\/ul>\n\n\n\n<figure class=\"wp-block-image\"><a href=\"https:\/\/allomouton.com\/categories\/eid-el-edha\"><img decoding=\"async\" src=\"https:\/\/allomouton.com\/mag\/wp-content\/uploads\/2025\/04\/CTA_AM_CampagneDonAid.png\" alt=\"\"\/><\/a><\/figure>\n\n\n\n<hr class=\"wp-block-separator\"\/>\n\n\n\n<p>L&rsquo;A\u00efd el-Kebir 2025 aura lieu autour du <strong>6 juin 2025<\/strong>, sous r\u00e9serve de confirmation. C&rsquo;est un moment de spiritualit\u00e9, de partage et de solidarit\u00e9, qui permet \u00e0 chacun d&rsquo;exprimer sa g\u00e9n\u00e9rosit\u00e9. Anticipez votre organisation en pensant \u00e0 r\u00e9server votre mouton et en pr\u00e9voyant les festivit\u00e9s avec vos proches !<\/p>\n","protected":false},"excerpt":{"rendered":"<p>* Les dates exactes peuvent l\u00e9g\u00e8rement varier en fonction des observations lunaires, mais celles-ci sont des approximations. L&rsquo;A\u00efd el-Kebir, \u00e9galement appel\u00e9 A\u00efd al-Adha, est l&rsquo;une des f\u00eates les plus importantes de l&rsquo;islam. Elle comm\u00e9more le sacrifice du proph\u00e8te Ibrahim (as) et marque un moment de partage et de g\u00e9n\u00e9rosit\u00e9 au sein des familles musulmanes du [&hellip;]<\/p>\n","protected":false},"author":3,"featured_media":3333,"comment_status":"open","ping_status":"open","sticky":false,"template":"","format":"standard","meta":{"_elementor_edit_mode":"","_elementor_data":"[{\"id\":\"75e3922\",\"elType\":\"container\",\"settings\":{\"flex_direction\":\"column\"},\"elements\":[{\"id\":\"40047d0\",\"elType\":\"widget\",\"settings\":{\"content_width\":\"full\",\"html\":\"<div id=\\\"jours_restants_ramadan\\\" style=\\\"text-align: center; font-size: 34px; line-height: 1.6;\\\"><\\\/div>\\n<div id=\\\"jours_restants_aid\\\" style=\\\"text-align: center; font-size: 34px; line-height: 1.6;\\\"><\\\/div>\\n\\n<p style=\\\"font-size: 12px; font-style: italic; color: #555; text-align: center; margin-top: 20px;\\\">\\n    * Les dates exactes peuvent l\\u00e9g\\u00e8rement varier en fonction des observations lunaires, mais celles-ci sont des approximations.\\n<\\\/p>\\n\\n<script>\\n    \\\/\\\/ D\\u00e9finir les dates cibles\\n    var dateRamadan = new Date('2025-06-06T00:00:00'); \\\/\\\/ Date approximative du d\\u00e9but du Ramadan 2025\\n    var dateAid = new Date('2025-06-06T00:00:00'); \\\/\\\/ Date approximative de l'A\\u00efd el-Adha 2025\\n\\n    \\\/\\\/ Fonction pour calculer la diff\\u00e9rence en jours\\n    function calculerJoursRestants(dateCible) {\\n        var aujourdHui = new Date();\\n        var difference = dateCible.getTime() - aujourdHui.getTime(); \\\/\\\/ Calcul en millisecondes\\n        var joursRestants = Math.ceil(difference \\\/ (1000 * 60 * 60 * 24)); \\\/\\\/ Conversion en jours\\n        return joursRestants;\\n    }\\n\\n    \\\/\\\/ Fonction pour styliser et afficher le nombre de jours\\n    function afficherJoursRestants(id, joursRestants, texte) {\\n        var element = document.getElementById(id);\\n        if (joursRestants > 0) {\\n            element.innerHTML = texte + \\\" <span style='color: #FF5733; font-weight: bold;'>\\\" + joursRestants + \\\"<\\\/span> jours incha'Allah.\\\";\\n        } else {\\n            element.innerHTML = texte + \\\" est d\\u00e9j\\u00e0 commenc\\u00e9.\\\";\\n        }\\n    }\\n\\n    \\\/\\\/ Affichage pour le Ramadan\\n    var joursRestantsRamadan = calculerJoursRestants(dateRamadan);\\n    afficherJoursRestants(\\\"jours_restants_ramadan\\\", joursRestantsRamadan, \\\"L'Aid el Kebir aura lieu dans \\\");\\n\\n    \\n<\\\/script>\\n\"},\"elements\":[],\"widgetType\":\"html\"},{\"id\":\"ee61e7b\",\"elType\":\"widget\",\"settings\":{\"content_width\":\"full\",\"editor\":\"<p data-pm-slice=\\\"1 1 []\\\">L'A\\u00efd el-Kebir, \\u00e9galement appel\\u00e9 A\\u00efd al-Adha, est l'une des f\\u00eates les plus importantes de l'islam. Elle comm\\u00e9more le sacrifice du proph\\u00e8te Ibrahim (as) et marque un moment de partage et de g\\u00e9n\\u00e9rosit\\u00e9 au sein des familles musulmanes du monde entier.<\\\/p>\"},\"elements\":[],\"widgetType\":\"text-editor\"},{\"id\":\"0381003\",\"elType\":\"widget\",\"settings\":{\"content_width\":\"full\",\"title\":\"Quelle est la date de l'A\\u00efd el Kebir 2025 ?\"},\"elements\":[],\"widgetType\":\"heading\"},{\"id\":\"fdd6501\",\"elType\":\"widget\",\"settings\":{\"content_width\":\"full\",\"editor\":\"<p data-pm-slice=\\\"1 1 []\\\">L'A\\u00efd el-Kebir est c\\u00e9l\\u00e9br\\u00e9e le <strong>10e jour de Dhou al-Hijja<\\\/strong>, le dernier mois du calendrier islamique. En <strong>2025, l'A\\u00efd el-Adha est attendue pour le vendredi 6 juin<\\\/strong> (10 Dhou al-Hijja 1446 dans le calendrier h\\u00e9girien). Cependant, cette date est sujette \\u00e0 confirmation par les autorit\\u00e9s religieuses, car elle d\\u00e9pend de l'observation du croissant lunaire marquant le d\\u00e9but du mois de Dhou al-Hijja.<\\\/p>\"},\"elements\":[],\"widgetType\":\"text-editor\"},{\"id\":\"d6c1685\",\"elType\":\"widget\",\"settings\":{\"content_width\":\"full\",\"title\":\"Pourquoi la date de l'A\\u00efd el Kebir varie-t-elle chaque ann\\u00e9e ?\"},\"elements\":[],\"widgetType\":\"heading\"},{\"id\":\"416fdde\",\"elType\":\"widget\",\"settings\":{\"content_width\":\"full\",\"editor\":\"<p data-pm-slice=\\\"1 1 []\\\">Le calendrier islamique est un calendrier lunaire de 354 ou 355 jours, soit environ 10 jours de moins que le calendrier gr\\u00e9gorien. De ce fait, l'A\\u00efd el-Kebir se d\\u00e9cale chaque ann\\u00e9e d'environ 10 \\u00e0 11 jours par rapport au calendrier occidental.<\\\/p>\"},\"elements\":[],\"widgetType\":\"text-editor\"},{\"id\":\"12c393e\",\"elType\":\"widget\",\"settings\":{\"content_width\":\"full\",\"title\":\"Comment pr\\u00e9parer l'A\\u00efd el Kebir 2025 ?\"},\"elements\":[],\"widgetType\":\"heading\"},{\"id\":\"771976c\",\"elType\":\"widget\",\"settings\":{\"content_width\":\"full\",\"editor\":\"<p data-pm-slice=\\\"1 3 []\\\">L'A\\u00efd el-Kebir est une p\\u00e9riode de pri\\u00e8re, de r\\u00e9flexion et de g\\u00e9n\\u00e9rosit\\u00e9. Voici quelques \\u00e9l\\u00e9ments essentiels pour bien pr\\u00e9parer cette f\\u00eate :<\\\/p><ol start=\\\"1\\\" data-spread=\\\"false\\\"><li><p><strong>Le sacrifice rituel<\\\/strong> : La tradition veut que chaque famille musulmane ayant les moyens r\\u00e9alise le sacrifice d'un mouton, d'une vache ou d'une ch\\u00e8vre, en respectant les r\\u00e8gles islamiques. Le choix du mouton est le plus r\\u00e9pandu.<\\\/p><\\\/li><li><p><strong>La pri\\u00e8re de l'A\\u00efd<\\\/strong> : Elle est accomplie en communaut\\u00e9 dans les mosqu\\u00e9es ou en plein air, suivie d'un sermon.<\\\/p><\\\/li><li><p><strong>Le partage et la solidarit\\u00e9<\\\/strong> : Une partie de la viande sacrifi\\u00e9e est destin\\u00e9e aux personnes dans le besoin.<\\\/p><\\\/li><li><p><strong>Les r\\u00e9jouissances familiales<\\\/strong> : L'A\\u00efd est aussi l'occasion de se r\\u00e9unir en famille et entre amis autour d'un repas festif.<\\\/p><\\\/li><\\\/ol>\"},\"elements\":[],\"widgetType\":\"text-editor\"},{\"id\":\"35e4617\",\"elType\":\"widget\",\"settings\":{\"content_width\":\"full\",\"title\":\"O\\u00f9 acheter son mouton pour l'A\\u00efd el Kebir 2025 ?\"},\"elements\":[],\"widgetType\":\"heading\"},{\"id\":\"95fb0a0\",\"elType\":\"widget\",\"settings\":{\"content_width\":\"full\",\"editor\":\"<p data-pm-slice=\\\"1 3 []\\\">De nombreux musulmans pr\\u00e9voient l'achat de leur mouton bien en amont de la f\\u00eate. Chez <strong>Allo Mouton<\\\/strong>, nous vous proposons une solution simple et conforme aux pr\\u00e9ceptes islamiques :<\\\/p><ul data-spread=\\\"false\\\"><li><p>Commande en ligne avec livraison partout en France et en Belgique<\\\/p><\\\/li><li><p>Respect des normes halal et du bien-\\u00eatre animal<\\\/p><\\\/li><li><p>Possibilit\\u00e9 de faire un don pour les plus d\\u00e9munis<\\\/p><\\\/li><\\\/ul>\"},\"elements\":[],\"widgetType\":\"text-editor\"},{\"id\":\"f0ba897\",\"elType\":\"widget\",\"settings\":{\"content_width\":\"full\",\"image\":{\"url\":\"https:\\\/\\\/allomouton.com\\\/mag\\\/wp-content\\\/uploads\\\/2025\\\/04\\\/CTA_AM_CampagneDonAid.png\",\"id\":3790,\"size\":\"\",\"alt\":\"\",\"source\":\"library\"},\"image_size\":\"full\",\"link_to\":\"custom\",\"link\":{\"url\":\"https:\\\/\\\/allomouton.com\\\/categories\\\/eid-el-edha\",\"is_external\":\"\",\"nofollow\":\"\",\"custom_attributes\":\"\"}},\"elements\":[],\"widgetType\":\"image\"},{\"id\":\"9f8593c\",\"elType\":\"widget\",\"settings\":{\"content_width\":\"full\",\"width\":{\"unit\":\"%\",\"size\":50,\"sizes\":[]},\"align\":\"center\",\"text\":\"S\\u00e9parateur\"},\"elements\":[],\"widgetType\":\"divider\"},{\"id\":\"d714e94\",\"elType\":\"widget\",\"settings\":{\"content_width\":\"full\",\"editor\":\"<p data-pm-slice=\\\"1 1 []\\\">L'A\\u00efd el-Kebir 2025 aura lieu autour du <strong>6 juin 2025<\\\/strong>, sous r\\u00e9serve de confirmation. C'est un moment de spiritualit\\u00e9, de partage et de solidarit\\u00e9, qui permet \\u00e0 chacun d'exprimer sa g\\u00e9n\\u00e9rosit\\u00e9. Anticipez votre organisation en pensant \\u00e0 r\\u00e9server votre mouton et en pr\\u00e9voyant les festivit\\u00e9s avec vos proches !<\\\/p>\"},\"elements\":[],\"widgetType\":\"text-editor\"}],\"isInner\":false}]","footnotes":""},"categories":[32],"tags":[],"class_list":["post-3330","post","type-post","status-publish","format-standard","has-post-thumbnail","hentry","category-fete-adha"],"yoast_head":"<!-- This site is optimized with the Yoast SEO plugin v26.3 - https:\/\/yoast.com\/wordpress\/plugins\/seo\/ -->\n<title>A\u00efd el Kebir 2025 : Quelle est la date officielle ? | Allo-Mouton<\/title>\n<meta name=\"description\" content=\"A\u00efd el Kebir 2025 : Quelle est la date officielle ? D\u00e9couvrez les conseils d&#039;Allo Mouton pour r\u00e9ussir vos \u00e9v\u00e8nements importants (Aqiqa, Aid el Adha...)\" \/>\n<meta name=\"robots\" content=\"index, follow, max-snippet:-1, max-image-preview:large, max-video-preview:-1\" \/>\n<link rel=\"canonical\" href=\"https:\/\/allomouton.com\/mag\/aid-el-kebir-2025-date-officielle\/\" \/>\n<meta property=\"og:locale\" content=\"fr_FR\" \/>\n<meta property=\"og:type\" content=\"article\" \/>\n<meta property=\"og:title\" content=\"A\u00efd el Kebir 2025 : Quelle est la date officielle ? | Allo-Mouton\" \/>\n<meta property=\"og:description\" content=\"A\u00efd el Kebir 2025 : Quelle est la date officielle ? D\u00e9couvrez les conseils d&#039;Allo Mouton pour r\u00e9ussir vos \u00e9v\u00e8nements importants (Aqiqa, Aid el Adha...)\" \/>\n<meta property=\"og:url\" content=\"https:\/\/allomouton.com\/mag\/aid-el-kebir-2025-date-officielle\/\" \/>\n<meta property=\"og:site_name\" content=\"Le Mag Par Allo-Mouton\" \/>\n<meta property=\"article:published_time\" content=\"2025-03-07T13:15:07+00:00\" \/>\n<meta property=\"article:modified_time\" content=\"2026-04-06T10:22:18+00:00\" \/>\n<meta property=\"og:image\" content=\"https:\/\/allomouton.com\/mag\/wp-content\/uploads\/2025\/03\/image-couverture-blog-59.png\" \/>\n\t<meta property=\"og:image:width\" content=\"800\" \/>\n\t<meta property=\"og:image:height\" content=\"500\" \/>\n\t<meta property=\"og:image:type\" content=\"image\/png\" \/>\n<meta name=\"author\" content=\"allomouton\" \/>\n<meta name=\"twitter:card\" content=\"summary_large_image\" \/>\n<meta name=\"twitter:label1\" content=\"\u00c9crit par\" \/>\n\t<meta name=\"twitter:data1\" content=\"allomouton\" \/>\n\t<meta name=\"twitter:label2\" content=\"Dur\u00e9e de lecture estim\u00e9e\" \/>\n\t<meta name=\"twitter:data2\" content=\"3 minutes\" \/>\n<script type=\"application\/ld+json\" class=\"yoast-schema-graph\">{\"@context\":\"https:\/\/schema.org\",\"@graph\":[{\"@type\":\"Article\",\"@id\":\"https:\/\/allomouton.com\/mag\/aid-el-kebir-2025-date-officielle\/#article\",\"isPartOf\":{\"@id\":\"https:\/\/allomouton.com\/mag\/aid-el-kebir-2025-date-officielle\/\"},\"author\":{\"name\":\"allomouton\",\"@id\":\"https:\/\/allomouton.com\/mag\/#\/schema\/person\/c33acb907e79701dff8a66d95cc71fca\"},\"headline\":\"A\u00efd el Kebir 2025 : Quelle est la date officielle ?\",\"datePublished\":\"2025-03-07T13:15:07+00:00\",\"dateModified\":\"2026-04-06T10:22:18+00:00\",\"mainEntityOfPage\":{\"@id\":\"https:\/\/allomouton.com\/mag\/aid-el-kebir-2025-date-officielle\/\"},\"wordCount\":540,\"commentCount\":0,\"publisher\":{\"@id\":\"https:\/\/allomouton.com\/mag\/#organization\"},\"image\":{\"@id\":\"https:\/\/allomouton.com\/mag\/aid-el-kebir-2025-date-officielle\/#primaryimage\"},\"thumbnailUrl\":\"https:\/\/allomouton.com\/mag\/wp-content\/uploads\/2025\/03\/image-couverture-blog-59.png\",\"articleSection\":[\"F\u00eate Aid el Adha\"],\"inLanguage\":\"fr-FR\",\"potentialAction\":[{\"@type\":\"CommentAction\",\"name\":\"Comment\",\"target\":[\"https:\/\/allomouton.com\/mag\/aid-el-kebir-2025-date-officielle\/#respond\"]}]},{\"@type\":\"WebPage\",\"@id\":\"https:\/\/allomouton.com\/mag\/aid-el-kebir-2025-date-officielle\/\",\"url\":\"https:\/\/allomouton.com\/mag\/aid-el-kebir-2025-date-officielle\/\",\"name\":\"A\u00efd el Kebir 2025 : Quelle est la date officielle ? | Allo-Mouton\",\"isPartOf\":{\"@id\":\"https:\/\/allomouton.com\/mag\/#website\"},\"primaryImageOfPage\":{\"@id\":\"https:\/\/allomouton.com\/mag\/aid-el-kebir-2025-date-officielle\/#primaryimage\"},\"image\":{\"@id\":\"https:\/\/allomouton.com\/mag\/aid-el-kebir-2025-date-officielle\/#primaryimage\"},\"thumbnailUrl\":\"https:\/\/allomouton.com\/mag\/wp-content\/uploads\/2025\/03\/image-couverture-blog-59.png\",\"datePublished\":\"2025-03-07T13:15:07+00:00\",\"dateModified\":\"2026-04-06T10:22:18+00:00\",\"description\":\"A\u00efd el Kebir 2025 : Quelle est la date officielle ? D\u00e9couvrez les conseils d'Allo Mouton pour r\u00e9ussir vos \u00e9v\u00e8nements importants (Aqiqa, Aid el Adha...)\",\"breadcrumb\":{\"@id\":\"https:\/\/allomouton.com\/mag\/aid-el-kebir-2025-date-officielle\/#breadcrumb\"},\"inLanguage\":\"fr-FR\",\"potentialAction\":[{\"@type\":\"ReadAction\",\"target\":[\"https:\/\/allomouton.com\/mag\/aid-el-kebir-2025-date-officielle\/\"]}]},{\"@type\":\"ImageObject\",\"inLanguage\":\"fr-FR\",\"@id\":\"https:\/\/allomouton.com\/mag\/aid-el-kebir-2025-date-officielle\/#primaryimage\",\"url\":\"https:\/\/allomouton.com\/mag\/wp-content\/uploads\/2025\/03\/image-couverture-blog-59.png\",\"contentUrl\":\"https:\/\/allomouton.com\/mag\/wp-content\/uploads\/2025\/03\/image-couverture-blog-59.png\",\"width\":800,\"height\":500},{\"@type\":\"BreadcrumbList\",\"@id\":\"https:\/\/allomouton.com\/mag\/aid-el-kebir-2025-date-officielle\/#breadcrumb\",\"itemListElement\":[{\"@type\":\"ListItem\",\"position\":1,\"name\":\"Le Mag\",\"item\":\"https:\/\/allomouton.com\/mag\/\"},{\"@type\":\"ListItem\",\"position\":2,\"name\":\"Aid El Adha\",\"item\":\"https:\/\/allomouton.com\/mag\/category\/aid-el-adha\/\"},{\"@type\":\"ListItem\",\"position\":3,\"name\":\"F\u00eate Aid el Adha\",\"item\":\"https:\/\/allomouton.com\/mag\/category\/aid-el-adha\/fete-adha\/\"},{\"@type\":\"ListItem\",\"position\":4,\"name\":\"A\u00efd el Kebir 2025 : Quelle est la date officielle ?\"}]},{\"@type\":\"WebSite\",\"@id\":\"https:\/\/allomouton.com\/mag\/#website\",\"url\":\"https:\/\/allomouton.com\/mag\/\",\"name\":\"Le Mag par Allo Mouton\",\"description\":\"\",\"publisher\":{\"@id\":\"https:\/\/allomouton.com\/mag\/#organization\"},\"potentialAction\":[{\"@type\":\"SearchAction\",\"target\":{\"@type\":\"EntryPoint\",\"urlTemplate\":\"https:\/\/allomouton.com\/mag\/?s={search_term_string}\"},\"query-input\":{\"@type\":\"PropertyValueSpecification\",\"valueRequired\":true,\"valueName\":\"search_term_string\"}}],\"inLanguage\":\"fr-FR\"},{\"@type\":\"Organization\",\"@id\":\"https:\/\/allomouton.com\/mag\/#organization\",\"name\":\"Le Mag par Allo Mouton\",\"url\":\"https:\/\/allomouton.com\/mag\/\",\"logo\":{\"@type\":\"ImageObject\",\"inLanguage\":\"fr-FR\",\"@id\":\"https:\/\/allomouton.com\/mag\/#\/schema\/logo\/image\/\",\"url\":\"https:\/\/allomouton.com\/mag\/wp-content\/uploads\/2025\/02\/Logo-AM-2025-Site.png\",\"contentUrl\":\"https:\/\/allomouton.com\/mag\/wp-content\/uploads\/2025\/02\/Logo-AM-2025-Site.png\",\"width\":251,\"height\":156,\"caption\":\"Le Mag par Allo Mouton\"},\"image\":{\"@id\":\"https:\/\/allomouton.com\/mag\/#\/schema\/logo\/image\/\"}},{\"@type\":\"Person\",\"@id\":\"https:\/\/allomouton.com\/mag\/#\/schema\/person\/c33acb907e79701dff8a66d95cc71fca\",\"name\":\"allomouton\",\"image\":{\"@type\":\"ImageObject\",\"inLanguage\":\"fr-FR\",\"@id\":\"https:\/\/allomouton.com\/mag\/#\/schema\/person\/image\/\",\"url\":\"https:\/\/secure.gravatar.com\/avatar\/be16393b5bdfbc043ccf2fc462d746fa3a27c984b49a6489735b8894ef584254?s=96&d=mm&r=g\",\"contentUrl\":\"https:\/\/secure.gravatar.com\/avatar\/be16393b5bdfbc043ccf2fc462d746fa3a27c984b49a6489735b8894ef584254?s=96&d=mm&r=g\",\"caption\":\"allomouton\"},\"sameAs\":[\"http:\/\/allomouton.com\"]}]}<\/script>\n<!-- \/ Yoast SEO plugin. -->","yoast_head_json":{"title":"A\u00efd el Kebir 2025 : Quelle est la date officielle ? | Allo-Mouton","description":"A\u00efd el Kebir 2025 : Quelle est la date officielle ? D\u00e9couvrez les conseils d'Allo Mouton pour r\u00e9ussir vos \u00e9v\u00e8nements importants (Aqiqa, Aid el Adha...)","robots":{"index":"index","follow":"follow","max-snippet":"max-snippet:-1","max-image-preview":"max-image-preview:large","max-video-preview":"max-video-preview:-1"},"canonical":"https:\/\/allomouton.com\/mag\/aid-el-kebir-2025-date-officielle\/","og_locale":"fr_FR","og_type":"article","og_title":"A\u00efd el Kebir 2025 : Quelle est la date officielle ? | Allo-Mouton","og_description":"A\u00efd el Kebir 2025 : Quelle est la date officielle ? D\u00e9couvrez les conseils d'Allo Mouton pour r\u00e9ussir vos \u00e9v\u00e8nements importants (Aqiqa, Aid el Adha...)","og_url":"https:\/\/allomouton.com\/mag\/aid-el-kebir-2025-date-officielle\/","og_site_name":"Le Mag Par Allo-Mouton","article_published_time":"2025-03-07T13:15:07+00:00","article_modified_time":"2026-04-06T10:22:18+00:00","og_image":[{"width":800,"height":500,"url":"https:\/\/allomouton.com\/mag\/wp-content\/uploads\/2025\/03\/image-couverture-blog-59.png","type":"image\/png"}],"author":"allomouton","twitter_card":"summary_large_image","twitter_misc":{"\u00c9crit par":"allomouton","Dur\u00e9e de lecture estim\u00e9e":"3 minutes"},"schema":{"@context":"https:\/\/schema.org","@graph":[{"@type":"Article","@id":"https:\/\/allomouton.com\/mag\/aid-el-kebir-2025-date-officielle\/#article","isPartOf":{"@id":"https:\/\/allomouton.com\/mag\/aid-el-kebir-2025-date-officielle\/"},"author":{"name":"allomouton","@id":"https:\/\/allomouton.com\/mag\/#\/schema\/person\/c33acb907e79701dff8a66d95cc71fca"},"headline":"A\u00efd el Kebir 2025 : Quelle est la date officielle ?","datePublished":"2025-03-07T13:15:07+00:00","dateModified":"2026-04-06T10:22:18+00:00","mainEntityOfPage":{"@id":"https:\/\/allomouton.com\/mag\/aid-el-kebir-2025-date-officielle\/"},"wordCount":540,"commentCount":0,"publisher":{"@id":"https:\/\/allomouton.com\/mag\/#organization"},"image":{"@id":"https:\/\/allomouton.com\/mag\/aid-el-kebir-2025-date-officielle\/#primaryimage"},"thumbnailUrl":"https:\/\/allomouton.com\/mag\/wp-content\/uploads\/2025\/03\/image-couverture-blog-59.png","articleSection":["F\u00eate Aid el Adha"],"inLanguage":"fr-FR","potentialAction":[{"@type":"CommentAction","name":"Comment","target":["https:\/\/allomouton.com\/mag\/aid-el-kebir-2025-date-officielle\/#respond"]}]},{"@type":"WebPage","@id":"https:\/\/allomouton.com\/mag\/aid-el-kebir-2025-date-officielle\/","url":"https:\/\/allomouton.com\/mag\/aid-el-kebir-2025-date-officielle\/","name":"A\u00efd el Kebir 2025 : Quelle est la date officielle ? | Allo-Mouton","isPartOf":{"@id":"https:\/\/allomouton.com\/mag\/#website"},"primaryImageOfPage":{"@id":"https:\/\/allomouton.com\/mag\/aid-el-kebir-2025-date-officielle\/#primaryimage"},"image":{"@id":"https:\/\/allomouton.com\/mag\/aid-el-kebir-2025-date-officielle\/#primaryimage"},"thumbnailUrl":"https:\/\/allomouton.com\/mag\/wp-content\/uploads\/2025\/03\/image-couverture-blog-59.png","datePublished":"2025-03-07T13:15:07+00:00","dateModified":"2026-04-06T10:22:18+00:00","description":"A\u00efd el Kebir 2025 : Quelle est la date officielle ? D\u00e9couvrez les conseils d'Allo Mouton pour r\u00e9ussir vos \u00e9v\u00e8nements importants (Aqiqa, Aid el Adha...)","breadcrumb":{"@id":"https:\/\/allomouton.com\/mag\/aid-el-kebir-2025-date-officielle\/#breadcrumb"},"inLanguage":"fr-FR","potentialAction":[{"@type":"ReadAction","target":["https:\/\/allomouton.com\/mag\/aid-el-kebir-2025-date-officielle\/"]}]},{"@type":"ImageObject","inLanguage":"fr-FR","@id":"https:\/\/allomouton.com\/mag\/aid-el-kebir-2025-date-officielle\/#primaryimage","url":"https:\/\/allomouton.com\/mag\/wp-content\/uploads\/2025\/03\/image-couverture-blog-59.png","contentUrl":"https:\/\/allomouton.com\/mag\/wp-content\/uploads\/2025\/03\/image-couverture-blog-59.png","width":800,"height":500},{"@type":"BreadcrumbList","@id":"https:\/\/allomouton.com\/mag\/aid-el-kebir-2025-date-officielle\/#breadcrumb","itemListElement":[{"@type":"ListItem","position":1,"name":"Le Mag","item":"https:\/\/allomouton.com\/mag\/"},{"@type":"ListItem","position":2,"name":"Aid El Adha","item":"https:\/\/allomouton.com\/mag\/category\/aid-el-adha\/"},{"@type":"ListItem","position":3,"name":"F\u00eate Aid el Adha","item":"https:\/\/allomouton.com\/mag\/category\/aid-el-adha\/fete-adha\/"},{"@type":"ListItem","position":4,"name":"A\u00efd el Kebir 2025 : Quelle est la date officielle ?"}]},{"@type":"WebSite","@id":"https:\/\/allomouton.com\/mag\/#website","url":"https:\/\/allomouton.com\/mag\/","name":"Le Mag par Allo Mouton","description":"","publisher":{"@id":"https:\/\/allomouton.com\/mag\/#organization"},"potentialAction":[{"@type":"SearchAction","target":{"@type":"EntryPoint","urlTemplate":"https:\/\/allomouton.com\/mag\/?s={search_term_string}"},"query-input":{"@type":"PropertyValueSpecification","valueRequired":true,"valueName":"search_term_string"}}],"inLanguage":"fr-FR"},{"@type":"Organization","@id":"https:\/\/allomouton.com\/mag\/#organization","name":"Le Mag par Allo Mouton","url":"https:\/\/allomouton.com\/mag\/","logo":{"@type":"ImageObject","inLanguage":"fr-FR","@id":"https:\/\/allomouton.com\/mag\/#\/schema\/logo\/image\/","url":"https:\/\/allomouton.com\/mag\/wp-content\/uploads\/2025\/02\/Logo-AM-2025-Site.png","contentUrl":"https:\/\/allomouton.com\/mag\/wp-content\/uploads\/2025\/02\/Logo-AM-2025-Site.png","width":251,"height":156,"caption":"Le Mag par Allo Mouton"},"image":{"@id":"https:\/\/allomouton.com\/mag\/#\/schema\/logo\/image\/"}},{"@type":"Person","@id":"https:\/\/allomouton.com\/mag\/#\/schema\/person\/c33acb907e79701dff8a66d95cc71fca","name":"allomouton","image":{"@type":"ImageObject","inLanguage":"fr-FR","@id":"https:\/\/allomouton.com\/mag\/#\/schema\/person\/image\/","url":"https:\/\/secure.gravatar.com\/avatar\/be16393b5bdfbc043ccf2fc462d746fa3a27c984b49a6489735b8894ef584254?s=96&d=mm&r=g","contentUrl":"https:\/\/secure.gravatar.com\/avatar\/be16393b5bdfbc043ccf2fc462d746fa3a27c984b49a6489735b8894ef584254?s=96&d=mm&r=g","caption":"allomouton"},"sameAs":["http:\/\/allomouton.com"]}]}},"_links":{"self":[{"href":"https:\/\/allomouton.com\/mag\/wp-json\/wp\/v2\/posts\/3330","targetHints":{"allow":["GET"]}}],"collection":[{"href":"https:\/\/allomouton.com\/mag\/wp-json\/wp\/v2\/posts"}],"about":[{"href":"https:\/\/allomouton.com\/mag\/wp-json\/wp\/v2\/types\/post"}],"author":[{"embeddable":true,"href":"https:\/\/allomouton.com\/mag\/wp-json\/wp\/v2\/users\/3"}],"replies":[{"embeddable":true,"href":"https:\/\/allomouton.com\/mag\/wp-json\/wp\/v2\/comments?post=3330"}],"version-history":[{"count":3,"href":"https:\/\/allomouton.com\/mag\/wp-json\/wp\/v2\/posts\/3330\/revisions"}],"predecessor-version":[{"id":5972,"href":"https:\/\/allomouton.com\/mag\/wp-json\/wp\/v2\/posts\/3330\/revisions\/5972"}],"wp:featuredmedia":[{"embeddable":true,"href":"https:\/\/allomouton.com\/mag\/wp-json\/wp\/v2\/media\/3333"}],"wp:attachment":[{"href":"https:\/\/allomouton.com\/mag\/wp-json\/wp\/v2\/media?parent=3330"}],"wp:term":[{"taxonomy":"category","embeddable":true,"href":"https:\/\/allomouton.com\/mag\/wp-json\/wp\/v2\/categories?post=3330"},{"taxonomy":"post_tag","embeddable":true,"href":"https:\/\/allomouton.com\/mag\/wp-json\/wp\/v2\/tags?post=3330"}],"curies":[{"name":"wp","href":"https:\/\/api.w.org\/{rel}","templated":true}]}}