{"id":5034,"date":"2026-01-19T13:10:07","date_gmt":"2026-01-19T12:10:07","guid":{"rendered":"https:\/\/allomouton.com\/mag\/?p=5034"},"modified":"2026-04-06T12:14:26","modified_gmt":"2026-04-06T10:14:26","slug":"prenoms-compagnons-prophete","status":"publish","type":"post","link":"https:\/\/allomouton.com\/mag\/prenoms-compagnons-prophete\/","title":{"rendered":"Pr\u00e9noms des compagnons du Proph\u00e8te \ufdfa : id\u00e9es de pr\u00e9noms musulmans riches de sens et d\u2019histoire"},"content":{"rendered":"\n<p>Choisir un <strong data-end=\"97\" data-start=\"53\">pr\u00e9nom issu des compagnons du Proph\u00e8te \ufdfa<\/strong> est un acte profond\u00e9ment symbolique pour de nombreux <strong data-end=\"179\" data-start=\"151\">futurs parents musulmans<\/strong>. Ces pr\u00e9noms ne sont pas de simples appellations : ils portent une <strong data-end=\"259\" data-start=\"247\">histoire<\/strong>, une <strong data-end=\"278\" data-start=\"265\">foi v\u00e9cue<\/strong>, une <strong data-end=\"326\" data-start=\"284\">proximit\u00e9 unique avec l\u2019Islam naissant<\/strong> et des <strong data-end=\"357\" data-start=\"334\">valeurs exemplaires<\/strong> transmises jusqu\u2019\u00e0 aujourd\u2019hui. Derri\u00e8re l\u2019intention de recherche \u00ab pr\u00e9noms compagnons du Proph\u00e8te \u00bb, se cache souvent le d\u00e9sir d\u2019un <strong data-end=\"517\" data-start=\"491\">pr\u00e9nom porteur de sens<\/strong>, conforme \u00e0 l\u2019Islam, inspirant pour l\u2019enfant et agr\u00e9able \u00e0 porter dans le monde contemporain.<\/p>\n\n\n\n<p>Dans la tradition islamique, les <strong data-end=\"656\" data-start=\"646\">Sahaba<\/strong> \u2013 compagnons et compagnes de <span class=\"hover:entity-accent entity-underline inline cursor-pointer align-baseline\"><span class=\"whitespace-normal\">Muhammad<\/span><\/span> \ufdfa \u2013 occupent une place centrale. Leur m\u00e9rite est mentionn\u00e9 dans le <strong data-end=\"800\" data-start=\"791\">Coran<\/strong> et la <strong data-end=\"816\" data-start=\"807\">Sunna<\/strong>, et leurs noms ont travers\u00e9 les si\u00e8cles comme des rep\u00e8res spirituels et moraux.<\/p>\n\n\n\n<h2 class=\"wp-block-heading\">Ab\u016b Bakr \u2013 \u0623\u0628\u0648 \u0628\u0643\u0631<\/h2>\n\n\n\n<p><strong data-end=\"944\" data-start=\"922\">Ab\u016b Bakr a\u1e63-\u1e62idd\u012bq<\/strong> \u0631\u0636\u064a \u0627\u0644\u0644\u0647 \u0639\u0646\u0647 fut le <strong data-end=\"1002\" data-start=\"965\">premier homme \u00e0 embrasser l\u2019Islam<\/strong> et le plus proche compagnon du Proph\u00e8te \ufdfa. Son pr\u00e9nom est associ\u00e9 \u00e0 la <strong data-end=\"1086\" data-start=\"1074\">v\u00e9racit\u00e9<\/strong>, \u00e0 la <strong data-end=\"1104\" data-start=\"1093\">douceur<\/strong> et \u00e0 une <strong data-end=\"1134\" data-start=\"1114\">foi in\u00e9branlable<\/strong>. Il accompagna le Proph\u00e8te lors de l\u2019H\u00e9gire, \u00e9v\u00e9nement mentionn\u00e9 dans le Coran :<br data-end=\"1218\" data-start=\"1215\"\/>\u00ab \u2026 quand ils \u00e9taient dans la caverne\u2026 \u00bb (Sourate At-Tawbah, 9:40).<br data-end=\"1288\" data-start=\"1285\"\/>Choisir Ab\u016b Bakr comme pr\u00e9nom, c\u2019est transmettre l\u2019h\u00e9ritage de la <strong data-end=\"1382\" data-start=\"1354\">fid\u00e9lit\u00e9 absolue \u00e0 Allah<\/strong>.<\/p>\n\n\n\n<h2 class=\"wp-block-heading\">\u02bfUmar \u2013 \u0639\u0645\u0631<\/h2>\n\n\n\n<div class=\"bloc-info\">\n<strong>\u00c0 retenir<\/strong>\nLes pr\u00e9noms des compagnons du Proph\u00e8te \ufdfa comme Ab\u016b Bakr, \u02bfUmar, \u02bfUthm\u0101n, \u02bfAl\u012b ou Hamza portent une charge spirituelle et morale pr\u00e9cise : chacun incarne une vertu centrale (fid\u00e9lit\u00e9, justice, pudeur, sagesse, bravoure) et connecte l&rsquo;enfant \u00e0 un mod\u00e8le islamique vivant. Choisir un de ces pr\u00e9noms, c&rsquo;est transmettre un h\u00e9ritage de foi et de valeurs \u00e9prouv\u00e9es \u00e0 travers les si\u00e8cles.\n<\/div>\n\n\n\n<p><strong data-end=\"1426\" data-start=\"1402\">\u02bfUmar ibn al-Kha\u1e6d\u1e6d\u0101b<\/strong> \u0631\u0636\u064a \u0627\u0644\u0644\u0647 \u0639\u0646\u0647 est connu pour sa <strong data-end=\"1480\" data-start=\"1458\">force de caract\u00e8re<\/strong>, son <strong data-end=\"1513\" data-start=\"1486\">sens aigu de la justice<\/strong> et son courage. Sa conversion \u00e0 l\u2019Islam fut un tournant majeur pour la communaut\u00e9 musulmane. Le Proph\u00e8te \ufdfa a dit :<br data-end=\"1631\" data-start=\"1628\"\/>\u00ab Allah a plac\u00e9 la v\u00e9rit\u00e9 sur la langue et dans le c\u0153ur de \u02bfUmar. \u00bb (Hadith rapport\u00e9 par At-Tirmidh\u012b).<br data-end=\"1736\" data-start=\"1733\"\/>Le pr\u00e9nom \u02bfUmar \u00e9voque aujourd\u2019hui encore la <strong data-end=\"1793\" data-start=\"1781\">droiture<\/strong>, la <strong data-end=\"1816\" data-start=\"1798\">responsabilit\u00e9<\/strong> et le <strong data-end=\"1845\" data-start=\"1823\">leadership \u00e9thique<\/strong>.<\/p>\n\n\n\n<h2 class=\"wp-block-heading\">\u02bfUthm\u0101n \u2013 \u0639\u062b\u0645\u0627\u0646<\/h2>\n\n\n\n<p><strong data-end=\"1891\" data-start=\"1869\">\u02bfUthm\u0101n ibn \u02bfAff\u0101n<\/strong> \u0631\u0636\u064a \u0627\u0644\u0644\u0647 \u0639\u0646\u0647 est c\u00e9l\u00e8bre pour sa <strong data-end=\"1942\" data-start=\"1925\">grande pudeur<\/strong>, sa <strong data-end=\"1961\" data-start=\"1947\">g\u00e9n\u00e9rosit\u00e9<\/strong> et son r\u00f4le majeur dans la <strong data-end=\"2014\" data-start=\"1989\">pr\u00e9servation du Coran<\/strong>, avec la compilation officielle du Mu\u1e63\u1e25af. Le Proph\u00e8te \ufdfa a dit :<br data-end=\"2082\" data-start=\"2079\"\/>\u00ab Ne devrais-je pas avoir de la pudeur devant un homme devant qui les anges eux-m\u00eames sont pudiques ? \u00bb (Muslim).<br data-end=\"2198\" data-start=\"2195\"\/>\u02bfUthm\u0101n est un pr\u00e9nom associ\u00e9 \u00e0 la <strong data-end=\"2258\" data-start=\"2233\">noblesse de caract\u00e8re<\/strong> et \u00e0 la <strong data-end=\"2288\" data-start=\"2267\">discr\u00e9tion pieuse<\/strong>.<\/p>\n\n\n\n<h2 class=\"wp-block-heading\">\u02bfAl\u012b \u2013 \u0639\u0644\u064a<\/h2>\n\n\n\n<p><strong data-end=\"2329\" data-start=\"2307\">\u02bfAl\u012b ibn Ab\u012b \u1e6c\u0101lib<\/strong> \u0631\u0636\u064a \u0627\u0644\u0644\u0647 \u0639\u0646\u0647, cousin et gendre du Proph\u00e8te \ufdfa, incarne le <strong data-end=\"2397\" data-start=\"2387\">savoir<\/strong>, la <strong data-end=\"2414\" data-start=\"2402\">bravoure<\/strong> et la <strong data-end=\"2432\" data-start=\"2421\">sagesse<\/strong>. Le Proph\u00e8te \ufdfa a dit :<br data-end=\"2458\" data-start=\"2455\"\/>\u00ab Je suis la cit\u00e9 du savoir et \u02bfAl\u012b en est la porte. \u00bb (Hadith rapport\u00e9 par Al-\u1e24\u0101kim, jug\u00e9 \u062d\u0633\u0646 par plusieurs savants).<br data-end=\"2579\" data-start=\"2576\"\/>Le pr\u00e9nom \u02bfAl\u012b est court, puissant et charg\u00e9 d\u2019un <strong data-end=\"2675\" data-start=\"2629\">h\u00e9ritage intellectuel et spirituel profond<\/strong>.<\/p>\n\n\n\n<h2 class=\"wp-block-heading\">\u1e24amza \u2013 \u062d\u0645\u0632\u0629<\/h2>\n\n\n\n<p><strong data-end=\"2726\" data-start=\"2696\">\u1e24amza ibn \u02bfAbd al-Mu\u1e6d\u1e6dalib<\/strong> \u0631\u0636\u064a \u0627\u0644\u0644\u0647 \u0639\u0646\u0647, oncle du Proph\u00e8te \ufdfa, est surnomm\u00e9 <strong data-end=\"2794\" data-start=\"2775\">le lion d\u2019Allah<\/strong>. Son courage sur les champs de bataille et sa sinc\u00e9rit\u00e9 en font une figure embl\u00e9matique. Il est tomb\u00e9 en martyr lors de la bataille de U\u1e25ud.<br data-end=\"2938\" data-start=\"2935\"\/>\u1e24amza est un pr\u00e9nom fort, souvent choisi pour symboliser la <strong data-end=\"3010\" data-start=\"2998\">bravoure<\/strong>, la <strong data-end=\"3026\" data-start=\"3015\">dignit\u00e9<\/strong> et la <strong data-end=\"3057\" data-start=\"3033\">d\u00e9fense de la v\u00e9rit\u00e9<\/strong>.<\/p>\n\n\n\n<h2 class=\"wp-block-heading\">Bil\u0101l \u2013 \u0628\u0644\u0627\u0644<\/h2>\n\n\n\n<p><strong data-end=\"3097\" data-start=\"3078\">Bil\u0101l ibn Rab\u0101\u1e25<\/strong> \u0631\u0636\u064a \u0627\u0644\u0644\u0647 \u0639\u0646\u0647 est l\u2019un des compagnons les plus aim\u00e9s. Ancien esclave affranchi par Ab\u016b Bakr, il fut le <strong data-end=\"3230\" data-start=\"3200\">premier muezzin de l\u2019Islam<\/strong>. Sa voix appelant \u00e0 la pri\u00e8re r\u00e9sonnait dans M\u00e9dine. Le Proph\u00e8te \ufdfa a dit :<br data-end=\"3308\" data-start=\"3305\"\/>\u00ab J\u2019ai entendu tes pas devant moi au Paradis. \u00bb (Al-Bukh\u0101r\u012b).<br data-end=\"3372\" data-start=\"3369\"\/>Le pr\u00e9nom Bil\u0101l est associ\u00e9 \u00e0 la <strong data-end=\"3421\" data-start=\"3405\">pers\u00e9v\u00e9rance<\/strong>, \u00e0 la <strong data-end=\"3439\" data-start=\"3428\">libert\u00e9<\/strong> et \u00e0 l\u2019<strong data-end=\"3467\" data-start=\"3447\">\u00e9galit\u00e9 en Islam<\/strong>.<\/p>\n\n\n\n<h2 class=\"wp-block-heading\">Kh\u0101lid \u2013 \u062e\u0627\u0644\u062f<\/h2>\n\n\n\n<p><strong data-end=\"3512\" data-start=\"3489\">Kh\u0101lid ibn al-Wal\u012bd<\/strong> \u0631\u0636\u064a \u0627\u0644\u0644\u0647 \u0639\u0646\u0647, surnomm\u00e9 <strong data-end=\"3563\" data-start=\"3536\">l\u2019\u00e9p\u00e9e d\u2019Allah d\u00e9gain\u00e9e<\/strong>, est connu pour son <strong data-end=\"3603\" data-start=\"3584\">g\u00e9nie militaire<\/strong> et sa conversion sinc\u00e8re apr\u00e8s avoir combattu l\u2019Islam.<br data-end=\"3661\" data-start=\"3658\"\/>Ce pr\u00e9nom \u00e9voque la <strong data-end=\"3699\" data-start=\"3681\">transformation<\/strong>, la <strong data-end=\"3727\" data-start=\"3704\">puissance ma\u00eetris\u00e9e<\/strong> et la <strong data-end=\"3756\" data-start=\"3734\">mis\u00e9ricorde divine<\/strong> qui accueille le repentir sinc\u00e8re.<\/p>\n\n\n\n<h2 class=\"wp-block-heading\">\u02bf\u0100\u02beisha \u2013 \u0639\u0627\u0626\u0634\u0629<\/h2>\n\n\n\n<p>Parmi les pr\u00e9noms f\u00e9minins, <strong data-end=\"3867\" data-start=\"3842\">\u02bf\u0100\u02beisha bint Ab\u012b Bakr<\/strong> \u0631\u0636\u064a \u0627\u0644\u0644\u0647 \u0639\u0646\u0647\u0627 occupe une place majeure. \u00c9pouse du Proph\u00e8te \ufdfa, elle fut une <strong data-end=\"3961\" data-start=\"3943\">grande savante<\/strong>, transmettant plus de deux mille hadiths. Le Proph\u00e8te \ufdfa a dit :<br data-end=\"4028\" data-start=\"4025\"\/>\u00ab Prenez une grande partie de votre religion de cette \u1e25umayr\u0101\u02be. \u00bb (Allusion rapport\u00e9e dans plusieurs recueils).<br data-end=\"4142\" data-start=\"4139\"\/>\u02bf\u0100\u02beisha est un pr\u00e9nom lumineux, associ\u00e9 \u00e0 la <strong data-end=\"4203\" data-start=\"4187\">connaissance<\/strong>, \u00e0 l\u2019<strong data-end=\"4225\" data-start=\"4209\">intelligence<\/strong> et \u00e0 la <strong data-end=\"4255\" data-start=\"4234\">vivacit\u00e9 d\u2019esprit<\/strong>.<\/p>\n\n\n\n<p>Choisir un <strong data-end=\"4321\" data-start=\"4269\">pr\u00e9nom de compagnon ou de compagne du Proph\u00e8te \ufdfa<\/strong>, c\u2019est offrir \u00e0 son enfant bien plus qu\u2019un nom : c\u2019est lui transmettre une <strong data-end=\"4417\" data-start=\"4397\">histoire vivante<\/strong>, un <strong data-end=\"4442\" data-start=\"4422\">mod\u00e8le inspirant<\/strong> et un <strong data-end=\"4472\" data-start=\"4449\">lien spirituel fort<\/strong> avec les premi\u00e8res g\u00e9n\u00e9rations de l\u2019Islam, celles qu\u2019Allah a honor\u00e9es dans le Coran et la Sunna.<\/p>\n\n\n\n<div id=\"am-prenoms-compagnons-allomouton\" style=\"background:#ffffff;border:1px solid #e5e7eb;border-radius:10px;padding:28px;max-width:760px;margin:40px auto;font-family:system-ui,-apple-system,BlinkMacSystemFont,'Segoe UI',sans-serif;color:#1f2937;\">\n  \n  <h2 style=\"color:#A3E668;font-size:26px;font-weight:700;margin-bottom:12px;\">\n    Choisir un pr\u00e9nom de compagnon selon les valeurs transmises\n  <\/h2>\n\n  <p style=\"font-size:16px;line-height:1.6;margin-bottom:24px;\">\n    Chaque compagnon du Proph\u00e8te \ufdfa incarne des qualit\u00e9s fortes. S\u00e9lectionnez les valeurs que vous souhaitez transmettre et d\u00e9couvrez les pr\u00e9noms qui y sont associ\u00e9s.\n  <\/p>\n\n  <div id=\"am-valeurs-select\" style=\"display:grid;grid-template-columns:repeat(auto-fit,minmax(220px,1fr));gap:14px;margin-bottom:24px;\">\n    <label><input type=\"checkbox\" value=\"justice\"> Justice<\/label>\n    <label><input type=\"checkbox\" value=\"courage\"> Courage<\/label>\n    <label><input type=\"checkbox\" value=\"savoir\"> Science &#038; savoir<\/label>\n    <label><input type=\"checkbox\" value=\"loyaute\"> Loyaut\u00e9<\/label>\n    <label><input type=\"checkbox\" value=\"humilite\"> Humilit\u00e9<\/label>\n    <label><input type=\"checkbox\" value=\"patience\"> Patience<\/label>\n  <\/div>\n\n  <button onclick=\"amTrouverCompagnons()\" style=\"background:#A3E668;color:#1f2937;border:none;padding:12px 22px;border-radius:6px;font-size:16px;font-weight:700;cursor:pointer;\">\n    Afficher les pr\u00e9noms\n  <\/button>\n\n  <div id=\"am-resultats-compagnons\" style=\"margin-top:28px;\"><\/div>\n\n  <script>\n    function amTrouverCompagnons() {\n      const valeurs = Array.from(document.querySelectorAll('#am-valeurs-select input:checked')).map(v => v.value);\n      const zone = document.getElementById('am-resultats-compagnons');\n      zone.innerHTML = '';\n\n      if (valeurs.length === 0) {\n        zone.innerHTML = '<p style=\"margin-top:16px;color:#A3E668;font-weight:600;\">Veuillez s\u00e9lectionner au moins une valeur.<\/p>';\n        return;\n      }\n\n      const data = [\n        {nom:\"Abou Bakr\", valeurs:[\"loyaute\",\"humilite\",\"patience\"], texte:\"Symbole de sinc\u00e9rit\u00e9, de fid\u00e9lit\u00e9 absolue et de sagesse dans l\u2019\u00e9preuve.\"},\n        {nom:\"Omar\", valeurs:[\"justice\",\"courage\"], texte:\"Reconnu pour son sens intransigeant de la justice et sa force morale.\"},\n        {nom:\"Ali\", valeurs:[\"savoir\",\"courage\",\"justice\"], texte:\"R\u00e9f\u00e9rence majeure en science, intelligence et bravoure.\"},\n        {nom:\"Othman\", valeurs:[\"humilite\",\"patience\",\"loyaute\"], texte:\"Mod\u00e8le de pudeur, de g\u00e9n\u00e9rosit\u00e9 et de constance.\"},\n        {nom:\"Bilal\", valeurs:[\"courage\",\"patience\"], texte:\"Figure de pers\u00e9v\u00e9rance et de foi in\u00e9branlable face \u00e0 l\u2019\u00e9preuve.\"}\n      ];\n\n      data.filter(c => valeurs.some(v => c.valeurs.includes(v)))\n          .forEach(c => {\n            zone.innerHTML += `\n              <div style=\"border-left:4px solid #A3E668;padding:14px 18px;margin-bottom:16px;background:#f9fafb;\">\n                <strong style=\"color:#1f2937;font-size:18px;\">${c.nom}<\/strong>\n                <p style=\"margin-top:6px;line-height:1.5;\">${c.texte}<\/p>\n              <\/div>`;\n          });\n    }\n  <\/script>\n<\/div>\n","protected":false},"excerpt":{"rendered":"<p>Choisir un pr\u00e9nom issu des compagnons du Proph\u00e8te \ufdfa est un acte profond\u00e9ment symbolique pour de nombreux futurs parents musulmans. Ces pr\u00e9noms ne sont pas de simples appellations : ils portent une histoire, une foi v\u00e9cue, une proximit\u00e9 unique avec l\u2019Islam naissant et des valeurs exemplaires transmises jusqu\u2019\u00e0 aujourd\u2019hui. Derri\u00e8re l\u2019intention de recherche \u00ab pr\u00e9noms [&hellip;]<\/p>\n","protected":false},"author":3,"featured_media":5036,"comment_status":"closed","ping_status":"open","sticky":false,"template":"","format":"standard","meta":{"_elementor_edit_mode":"","_elementor_data":"[{\"id\":\"ecc1d7a\",\"elType\":\"container\",\"settings\":[],\"elements\":[{\"id\":\"40778e9\",\"elType\":\"widget\",\"settings\":{\"content_width\":\"full\",\"editor\":\"<p data-start=\\\"42\\\" data-end=\\\"611\\\">Choisir un <strong data-start=\\\"53\\\" data-end=\\\"97\\\">pr\\u00e9nom issu des compagnons du Proph\\u00e8te \\ufdfa<\\\/strong> est un acte profond\\u00e9ment symbolique pour de nombreux <strong data-start=\\\"151\\\" data-end=\\\"179\\\">futurs parents musulmans<\\\/strong>. Ces pr\\u00e9noms ne sont pas de simples appellations : ils portent une <strong data-start=\\\"247\\\" data-end=\\\"259\\\">histoire<\\\/strong>, une <strong data-start=\\\"265\\\" data-end=\\\"278\\\">foi v\\u00e9cue<\\\/strong>, une <strong data-start=\\\"284\\\" data-end=\\\"326\\\">proximit\\u00e9 unique avec l\\u2019Islam naissant<\\\/strong> et des <strong data-start=\\\"334\\\" data-end=\\\"357\\\">valeurs exemplaires<\\\/strong> transmises jusqu\\u2019\\u00e0 aujourd\\u2019hui. Derri\\u00e8re l\\u2019intention de recherche \\u00ab pr\\u00e9noms compagnons du Proph\\u00e8te \\u00bb, se cache souvent le d\\u00e9sir d\\u2019un <strong data-start=\\\"491\\\" data-end=\\\"517\\\">pr\\u00e9nom porteur de sens<\\\/strong>, conforme \\u00e0 l\\u2019Islam, inspirant pour l\\u2019enfant et agr\\u00e9able \\u00e0 porter dans le monde contemporain.<\\\/p><p data-start=\\\"613\\\" data-end=\\\"896\\\">Dans la tradition islamique, les <strong data-start=\\\"646\\\" data-end=\\\"656\\\">Sahaba<\\\/strong> \\u2013 compagnons et compagnes de <span class=\\\"hover:entity-accent entity-underline inline cursor-pointer align-baseline\\\"><span class=\\\"whitespace-normal\\\">Muhammad<\\\/span><\\\/span> \\ufdfa \\u2013 occupent une place centrale. Leur m\\u00e9rite est mentionn\\u00e9 dans le <strong data-start=\\\"791\\\" data-end=\\\"800\\\">Coran<\\\/strong> et la <strong data-start=\\\"807\\\" data-end=\\\"816\\\">Sunna<\\\/strong>, et leurs noms ont travers\\u00e9 les si\\u00e8cles comme des rep\\u00e8res spirituels et moraux.<\\\/p><h2 data-start=\\\"898\\\" data-end=\\\"921\\\">Ab\\u016b Bakr \\u2013 \\u0623\\u0628\\u0648 \\u0628\\u0643\\u0631<\\\/h2><p data-start=\\\"922\\\" data-end=\\\"1383\\\"><strong data-start=\\\"922\\\" data-end=\\\"944\\\">Ab\\u016b Bakr a\\u1e63-\\u1e62idd\\u012bq<\\\/strong> \\u0631\\u0636\\u064a \\u0627\\u0644\\u0644\\u0647 \\u0639\\u0646\\u0647 fut le <strong data-start=\\\"965\\\" data-end=\\\"1002\\\">premier homme \\u00e0 embrasser l\\u2019Islam<\\\/strong> et le plus proche compagnon du Proph\\u00e8te \\ufdfa. Son pr\\u00e9nom est associ\\u00e9 \\u00e0 la <strong data-start=\\\"1074\\\" data-end=\\\"1086\\\">v\\u00e9racit\\u00e9<\\\/strong>, \\u00e0 la <strong data-start=\\\"1093\\\" data-end=\\\"1104\\\">douceur<\\\/strong> et \\u00e0 une <strong data-start=\\\"1114\\\" data-end=\\\"1134\\\">foi in\\u00e9branlable<\\\/strong>. Il accompagna le Proph\\u00e8te lors de l\\u2019H\\u00e9gire, \\u00e9v\\u00e9nement mentionn\\u00e9 dans le Coran :<br data-start=\\\"1215\\\" data-end=\\\"1218\\\" \\\/>\\u00ab \\u2026 quand ils \\u00e9taient dans la caverne\\u2026 \\u00bb (Sourate At-Tawbah, 9:40).<br data-start=\\\"1285\\\" data-end=\\\"1288\\\" \\\/>Choisir Ab\\u016b Bakr comme pr\\u00e9nom, c\\u2019est transmettre l\\u2019h\\u00e9ritage de la <strong data-start=\\\"1354\\\" data-end=\\\"1382\\\">fid\\u00e9lit\\u00e9 absolue \\u00e0 Allah<\\\/strong>.<\\\/p><h2 data-start=\\\"1385\\\" data-end=\\\"1401\\\">\\u02bfUmar \\u2013 \\u0639\\u0645\\u0631<\\\/h2><p data-start=\\\"1402\\\" data-end=\\\"1846\\\"><strong data-start=\\\"1402\\\" data-end=\\\"1426\\\">\\u02bfUmar ibn al-Kha\\u1e6d\\u1e6d\\u0101b<\\\/strong> \\u0631\\u0636\\u064a \\u0627\\u0644\\u0644\\u0647 \\u0639\\u0646\\u0647 est connu pour sa <strong data-start=\\\"1458\\\" data-end=\\\"1480\\\">force de caract\\u00e8re<\\\/strong>, son <strong data-start=\\\"1486\\\" data-end=\\\"1513\\\">sens aigu de la justice<\\\/strong> et son courage. Sa conversion \\u00e0 l\\u2019Islam fut un tournant majeur pour la communaut\\u00e9 musulmane. Le Proph\\u00e8te \\ufdfa a dit :<br data-start=\\\"1628\\\" data-end=\\\"1631\\\" \\\/>\\u00ab Allah a plac\\u00e9 la v\\u00e9rit\\u00e9 sur la langue et dans le c\\u0153ur de \\u02bfUmar. \\u00bb (Hadith rapport\\u00e9 par At-Tirmidh\\u012b).<br data-start=\\\"1733\\\" data-end=\\\"1736\\\" \\\/>Le pr\\u00e9nom \\u02bfUmar \\u00e9voque aujourd\\u2019hui encore la <strong data-start=\\\"1781\\\" data-end=\\\"1793\\\">droiture<\\\/strong>, la <strong data-start=\\\"1798\\\" data-end=\\\"1816\\\">responsabilit\\u00e9<\\\/strong> et le <strong data-start=\\\"1823\\\" data-end=\\\"1845\\\">leadership \\u00e9thique<\\\/strong>.<\\\/p><h2 data-start=\\\"1848\\\" data-end=\\\"1868\\\">\\u02bfUthm\\u0101n \\u2013 \\u0639\\u062b\\u0645\\u0627\\u0646<\\\/h2><p data-start=\\\"1869\\\" data-end=\\\"2289\\\"><strong data-start=\\\"1869\\\" data-end=\\\"1891\\\">\\u02bfUthm\\u0101n ibn \\u02bfAff\\u0101n<\\\/strong> \\u0631\\u0636\\u064a \\u0627\\u0644\\u0644\\u0647 \\u0639\\u0646\\u0647 est c\\u00e9l\\u00e8bre pour sa <strong data-start=\\\"1925\\\" data-end=\\\"1942\\\">grande pudeur<\\\/strong>, sa <strong data-start=\\\"1947\\\" data-end=\\\"1961\\\">g\\u00e9n\\u00e9rosit\\u00e9<\\\/strong> et son r\\u00f4le majeur dans la <strong data-start=\\\"1989\\\" data-end=\\\"2014\\\">pr\\u00e9servation du Coran<\\\/strong>, avec la compilation officielle du Mu\\u1e63\\u1e25af. Le Proph\\u00e8te \\ufdfa a dit :<br data-start=\\\"2079\\\" data-end=\\\"2082\\\" \\\/>\\u00ab Ne devrais-je pas avoir de la pudeur devant un homme devant qui les anges eux-m\\u00eames sont pudiques ? \\u00bb (Muslim).<br data-start=\\\"2195\\\" data-end=\\\"2198\\\" \\\/>\\u02bfUthm\\u0101n est un pr\\u00e9nom associ\\u00e9 \\u00e0 la <strong data-start=\\\"2233\\\" data-end=\\\"2258\\\">noblesse de caract\\u00e8re<\\\/strong> et \\u00e0 la <strong data-start=\\\"2267\\\" data-end=\\\"2288\\\">discr\\u00e9tion pieuse<\\\/strong>.<\\\/p><h2 data-start=\\\"2291\\\" data-end=\\\"2306\\\">\\u02bfAl\\u012b \\u2013 \\u0639\\u0644\\u064a<\\\/h2><p data-start=\\\"2307\\\" data-end=\\\"2676\\\"><strong data-start=\\\"2307\\\" data-end=\\\"2329\\\">\\u02bfAl\\u012b ibn Ab\\u012b \\u1e6c\\u0101lib<\\\/strong> \\u0631\\u0636\\u064a \\u0627\\u0644\\u0644\\u0647 \\u0639\\u0646\\u0647, cousin et gendre du Proph\\u00e8te \\ufdfa, incarne le <strong data-start=\\\"2387\\\" data-end=\\\"2397\\\">savoir<\\\/strong>, la <strong data-start=\\\"2402\\\" data-end=\\\"2414\\\">bravoure<\\\/strong> et la <strong data-start=\\\"2421\\\" data-end=\\\"2432\\\">sagesse<\\\/strong>. Le Proph\\u00e8te \\ufdfa a dit :<br data-start=\\\"2455\\\" data-end=\\\"2458\\\" \\\/>\\u00ab Je suis la cit\\u00e9 du savoir et \\u02bfAl\\u012b en est la porte. \\u00bb (Hadith rapport\\u00e9 par Al-\\u1e24\\u0101kim, jug\\u00e9 \\u062d\\u0633\\u0646 par plusieurs savants).<br data-start=\\\"2576\\\" data-end=\\\"2579\\\" \\\/>Le pr\\u00e9nom \\u02bfAl\\u012b est court, puissant et charg\\u00e9 d\\u2019un <strong data-start=\\\"2629\\\" data-end=\\\"2675\\\">h\\u00e9ritage intellectuel et spirituel profond<\\\/strong>.<\\\/p>\"},\"elements\":[],\"widgetType\":\"text-editor\"}],\"isInner\":false},{\"id\":\"fce9919\",\"elType\":\"container\",\"settings\":[],\"elements\":[],\"isInner\":false},{\"id\":\"1ffb30f\",\"elType\":\"container\",\"settings\":[],\"elements\":[{\"id\":\"e335336\",\"elType\":\"widget\",\"settings\":{\"content_width\":\"full\",\"editor\":\"<h2 data-start=\\\"2678\\\" data-end=\\\"2695\\\">\\u1e24amza \\u2013 \\u062d\\u0645\\u0632\\u0629<\\\/h2><p data-start=\\\"2696\\\" data-end=\\\"3058\\\"><strong data-start=\\\"2696\\\" data-end=\\\"2726\\\">\\u1e24amza ibn \\u02bfAbd al-Mu\\u1e6d\\u1e6dalib<\\\/strong> \\u0631\\u0636\\u064a \\u0627\\u0644\\u0644\\u0647 \\u0639\\u0646\\u0647, oncle du Proph\\u00e8te \\ufdfa, est surnomm\\u00e9 <strong data-start=\\\"2775\\\" data-end=\\\"2794\\\">le lion d\\u2019Allah<\\\/strong>. Son courage sur les champs de bataille et sa sinc\\u00e9rit\\u00e9 en font une figure embl\\u00e9matique. Il est tomb\\u00e9 en martyr lors de la bataille de U\\u1e25ud.<br data-start=\\\"2935\\\" data-end=\\\"2938\\\" \\\/>\\u1e24amza est un pr\\u00e9nom fort, souvent choisi pour symboliser la <strong data-start=\\\"2998\\\" data-end=\\\"3010\\\">bravoure<\\\/strong>, la <strong data-start=\\\"3015\\\" data-end=\\\"3026\\\">dignit\\u00e9<\\\/strong> et la <strong data-start=\\\"3033\\\" data-end=\\\"3057\\\">d\\u00e9fense de la v\\u00e9rit\\u00e9<\\\/strong>.<\\\/p><h2 data-start=\\\"3060\\\" data-end=\\\"3077\\\">Bil\\u0101l \\u2013 \\u0628\\u0644\\u0627\\u0644<\\\/h2><p data-start=\\\"3078\\\" data-end=\\\"3468\\\"><strong data-start=\\\"3078\\\" data-end=\\\"3097\\\">Bil\\u0101l ibn Rab\\u0101\\u1e25<\\\/strong> \\u0631\\u0636\\u064a \\u0627\\u0644\\u0644\\u0647 \\u0639\\u0646\\u0647 est l\\u2019un des compagnons les plus aim\\u00e9s. Ancien esclave affranchi par Ab\\u016b Bakr, il fut le <strong data-start=\\\"3200\\\" data-end=\\\"3230\\\">premier muezzin de l\\u2019Islam<\\\/strong>. Sa voix appelant \\u00e0 la pri\\u00e8re r\\u00e9sonnait dans M\\u00e9dine. Le Proph\\u00e8te \\ufdfa a dit :<br data-start=\\\"3305\\\" data-end=\\\"3308\\\" \\\/>\\u00ab J\\u2019ai entendu tes pas devant moi au Paradis. \\u00bb (Al-Bukh\\u0101r\\u012b).<br data-start=\\\"3369\\\" data-end=\\\"3372\\\" \\\/>Le pr\\u00e9nom Bil\\u0101l est associ\\u00e9 \\u00e0 la <strong data-start=\\\"3405\\\" data-end=\\\"3421\\\">pers\\u00e9v\\u00e9rance<\\\/strong>, \\u00e0 la <strong data-start=\\\"3428\\\" data-end=\\\"3439\\\">libert\\u00e9<\\\/strong> et \\u00e0 l\\u2019<strong data-start=\\\"3447\\\" data-end=\\\"3467\\\">\\u00e9galit\\u00e9 en Islam<\\\/strong>.<\\\/p><h2 data-start=\\\"3470\\\" data-end=\\\"3488\\\">Kh\\u0101lid \\u2013 \\u062e\\u0627\\u0644\\u062f<\\\/h2><p data-start=\\\"3489\\\" data-end=\\\"3791\\\"><strong data-start=\\\"3489\\\" data-end=\\\"3512\\\">Kh\\u0101lid ibn al-Wal\\u012bd<\\\/strong> \\u0631\\u0636\\u064a \\u0627\\u0644\\u0644\\u0647 \\u0639\\u0646\\u0647, surnomm\\u00e9 <strong data-start=\\\"3536\\\" data-end=\\\"3563\\\">l\\u2019\\u00e9p\\u00e9e d\\u2019Allah d\\u00e9gain\\u00e9e<\\\/strong>, est connu pour son <strong data-start=\\\"3584\\\" data-end=\\\"3603\\\">g\\u00e9nie militaire<\\\/strong> et sa conversion sinc\\u00e8re apr\\u00e8s avoir combattu l\\u2019Islam.<br data-start=\\\"3658\\\" data-end=\\\"3661\\\" \\\/>Ce pr\\u00e9nom \\u00e9voque la <strong data-start=\\\"3681\\\" data-end=\\\"3699\\\">transformation<\\\/strong>, la <strong data-start=\\\"3704\\\" data-end=\\\"3727\\\">puissance ma\\u00eetris\\u00e9e<\\\/strong> et la <strong data-start=\\\"3734\\\" data-end=\\\"3756\\\">mis\\u00e9ricorde divine<\\\/strong> qui accueille le repentir sinc\\u00e8re.<\\\/p><h2 data-start=\\\"3793\\\" data-end=\\\"3813\\\">\\u02bf\\u0100\\u02beisha \\u2013 \\u0639\\u0627\\u0626\\u0634\\u0629<\\\/h2><p data-start=\\\"3814\\\" data-end=\\\"4256\\\">Parmi les pr\\u00e9noms f\\u00e9minins, <strong data-start=\\\"3842\\\" data-end=\\\"3867\\\">\\u02bf\\u0100\\u02beisha bint Ab\\u012b Bakr<\\\/strong> \\u0631\\u0636\\u064a \\u0627\\u0644\\u0644\\u0647 \\u0639\\u0646\\u0647\\u0627 occupe une place majeure. \\u00c9pouse du Proph\\u00e8te \\ufdfa, elle fut une <strong data-start=\\\"3943\\\" data-end=\\\"3961\\\">grande savante<\\\/strong>, transmettant plus de deux mille hadiths. Le Proph\\u00e8te \\ufdfa a dit :<br data-start=\\\"4025\\\" data-end=\\\"4028\\\" \\\/>\\u00ab Prenez une grande partie de votre religion de cette \\u1e25umayr\\u0101\\u02be. \\u00bb (Allusion rapport\\u00e9e dans plusieurs recueils).<br data-start=\\\"4139\\\" data-end=\\\"4142\\\" \\\/>\\u02bf\\u0100\\u02beisha est un pr\\u00e9nom lumineux, associ\\u00e9 \\u00e0 la <strong data-start=\\\"4187\\\" data-end=\\\"4203\\\">connaissance<\\\/strong>, \\u00e0 l\\u2019<strong data-start=\\\"4209\\\" data-end=\\\"4225\\\">intelligence<\\\/strong> et \\u00e0 la <strong data-start=\\\"4234\\\" data-end=\\\"4255\\\">vivacit\\u00e9 d\\u2019esprit<\\\/strong>.<\\\/p><p data-start=\\\"4258\\\" data-end=\\\"4569\\\" data-is-last-node=\\\"\\\" data-is-only-node=\\\"\\\">Choisir un <strong data-start=\\\"4269\\\" data-end=\\\"4321\\\">pr\\u00e9nom de compagnon ou de compagne du Proph\\u00e8te \\ufdfa<\\\/strong>, c\\u2019est offrir \\u00e0 son enfant bien plus qu\\u2019un nom : c\\u2019est lui transmettre une <strong data-start=\\\"4397\\\" data-end=\\\"4417\\\">histoire vivante<\\\/strong>, un <strong data-start=\\\"4422\\\" data-end=\\\"4442\\\">mod\\u00e8le inspirant<\\\/strong> et un <strong data-start=\\\"4449\\\" data-end=\\\"4472\\\">lien spirituel fort<\\\/strong> avec les premi\\u00e8res g\\u00e9n\\u00e9rations de l\\u2019Islam, celles qu\\u2019Allah a honor\\u00e9es dans le Coran et la Sunna.<\\\/p>\"},\"elements\":[],\"widgetType\":\"text-editor\"},{\"id\":\"3c14fa6\",\"elType\":\"widget\",\"settings\":{\"content_width\":\"full\",\"html\":\"<div id=\\\"am-prenoms-compagnons-allomouton\\\" style=\\\"background:#ffffff;border:1px solid #e5e7eb;border-radius:10px;padding:28px;max-width:760px;margin:40px auto;font-family:system-ui,-apple-system,BlinkMacSystemFont,'Segoe UI',sans-serif;color:#1f2937;\\\">\\n  \\n  <h2 style=\\\"color:#A3E668;font-size:26px;font-weight:700;margin-bottom:12px;\\\">\\n    Choisir un pr\\u00e9nom de compagnon selon les valeurs transmises\\n  <\\\/h2>\\n\\n  <p style=\\\"font-size:16px;line-height:1.6;margin-bottom:24px;\\\">\\n    Chaque compagnon du Proph\\u00e8te \\ufdfa incarne des qualit\\u00e9s fortes. S\\u00e9lectionnez les valeurs que vous souhaitez transmettre et d\\u00e9couvrez les pr\\u00e9noms qui y sont associ\\u00e9s.\\n  <\\\/p>\\n\\n  <div id=\\\"am-valeurs-select\\\" style=\\\"display:grid;grid-template-columns:repeat(auto-fit,minmax(220px,1fr));gap:14px;margin-bottom:24px;\\\">\\n    <label><input type=\\\"checkbox\\\" value=\\\"justice\\\"> Justice<\\\/label>\\n    <label><input type=\\\"checkbox\\\" value=\\\"courage\\\"> Courage<\\\/label>\\n    <label><input type=\\\"checkbox\\\" value=\\\"savoir\\\"> Science & savoir<\\\/label>\\n    <label><input type=\\\"checkbox\\\" value=\\\"loyaute\\\"> Loyaut\\u00e9<\\\/label>\\n    <label><input type=\\\"checkbox\\\" value=\\\"humilite\\\"> Humilit\\u00e9<\\\/label>\\n    <label><input type=\\\"checkbox\\\" value=\\\"patience\\\"> Patience<\\\/label>\\n  <\\\/div>\\n\\n  <button onclick=\\\"amTrouverCompagnons()\\\" style=\\\"background:#A3E668;color:#1f2937;border:none;padding:12px 22px;border-radius:6px;font-size:16px;font-weight:700;cursor:pointer;\\\">\\n    Afficher les pr\\u00e9noms\\n  <\\\/button>\\n\\n  <div id=\\\"am-resultats-compagnons\\\" style=\\\"margin-top:28px;\\\"><\\\/div>\\n\\n  <script>\\n    function amTrouverCompagnons() {\\n      const valeurs = Array.from(document.querySelectorAll('#am-valeurs-select input:checked')).map(v => v.value);\\n      const zone = document.getElementById('am-resultats-compagnons');\\n      zone.innerHTML = '';\\n\\n      if (valeurs.length === 0) {\\n        zone.innerHTML = '<p style=\\\"margin-top:16px;color:#A3E668;font-weight:600;\\\">Veuillez s\\u00e9lectionner au moins une valeur.<\\\/p>';\\n        return;\\n      }\\n\\n      const data = [\\n        {nom:\\\"Abou Bakr\\\", valeurs:[\\\"loyaute\\\",\\\"humilite\\\",\\\"patience\\\"], texte:\\\"Symbole de sinc\\u00e9rit\\u00e9, de fid\\u00e9lit\\u00e9 absolue et de sagesse dans l\\u2019\\u00e9preuve.\\\"},\\n        {nom:\\\"Omar\\\", valeurs:[\\\"justice\\\",\\\"courage\\\"], texte:\\\"Reconnu pour son sens intransigeant de la justice et sa force morale.\\\"},\\n        {nom:\\\"Ali\\\", valeurs:[\\\"savoir\\\",\\\"courage\\\",\\\"justice\\\"], texte:\\\"R\\u00e9f\\u00e9rence majeure en science, intelligence et bravoure.\\\"},\\n        {nom:\\\"Othman\\\", valeurs:[\\\"humilite\\\",\\\"patience\\\",\\\"loyaute\\\"], texte:\\\"Mod\\u00e8le de pudeur, de g\\u00e9n\\u00e9rosit\\u00e9 et de constance.\\\"},\\n        {nom:\\\"Bilal\\\", valeurs:[\\\"courage\\\",\\\"patience\\\"], texte:\\\"Figure de pers\\u00e9v\\u00e9rance et de foi in\\u00e9branlable face \\u00e0 l\\u2019\\u00e9preuve.\\\"}\\n      ];\\n\\n      data.filter(c => valeurs.some(v => c.valeurs.includes(v)))\\n          .forEach(c => {\\n            zone.innerHTML += `\\n              <div style=\\\"border-left:4px solid #A3E668;padding:14px 18px;margin-bottom:16px;background:#f9fafb;\\\">\\n                <strong style=\\\"color:#1f2937;font-size:18px;\\\">${c.nom}<\\\/strong>\\n                <p style=\\\"margin-top:6px;line-height:1.5;\\\">${c.texte}<\\\/p>\\n              <\\\/div>`;\\n          });\\n    }\\n  <\\\/script>\\n<\\\/div>\\n\"},\"elements\":[],\"widgetType\":\"html\"}],\"isInner\":false},{\"id\":\"8b84422\",\"elType\":\"container\",\"settings\":[],\"elements\":[],\"isInner\":false}]","footnotes":""},"categories":[35],"tags":[],"class_list":["post-5034","post","type-post","status-publish","format-standard","has-post-thumbnail","hentry","category-prenoms-musulmans"],"yoast_head":"<!-- This site is optimized with the Yoast SEO plugin v26.3 - https:\/\/yoast.com\/wordpress\/plugins\/seo\/ -->\n<title>Pr\u00e9noms des compagnons du Proph\u00e8te \ufdfa : id\u00e9es de pr\u00e9noms musulmans riches de sens et d\u2019histoire | Allo-Mouton<\/title>\n<meta name=\"description\" content=\"Pr\u00e9noms des compagnons du Proph\u00e8te \ufdfa : id\u00e9es de pr\u00e9noms musulmans riches de sens et d\u2019histoire D\u00e9couvrez les conseils d&#039;Allo Mouton pour r\u00e9ussir vos \u00e9v\u00e8nements importants (Aqiqa, Aid el Adha...)\" \/>\n<meta name=\"robots\" content=\"index, follow, max-snippet:-1, max-image-preview:large, max-video-preview:-1\" \/>\n<link rel=\"canonical\" href=\"https:\/\/allomouton.com\/mag\/prenoms-compagnons-prophete\/\" \/>\n<meta property=\"og:locale\" content=\"fr_FR\" \/>\n<meta property=\"og:type\" content=\"article\" \/>\n<meta property=\"og:title\" content=\"Pr\u00e9noms des compagnons du Proph\u00e8te \ufdfa : id\u00e9es de pr\u00e9noms musulmans riches de sens et d\u2019histoire | Allo-Mouton\" \/>\n<meta property=\"og:description\" content=\"Pr\u00e9noms des compagnons du Proph\u00e8te \ufdfa : id\u00e9es de pr\u00e9noms musulmans riches de sens et d\u2019histoire D\u00e9couvrez les conseils d&#039;Allo Mouton pour r\u00e9ussir vos \u00e9v\u00e8nements importants (Aqiqa, Aid el Adha...)\" \/>\n<meta property=\"og:url\" content=\"https:\/\/allomouton.com\/mag\/prenoms-compagnons-prophete\/\" \/>\n<meta property=\"og:site_name\" content=\"Le Mag Par Allo-Mouton\" \/>\n<meta property=\"article:published_time\" content=\"2026-01-19T12:10:07+00:00\" \/>\n<meta property=\"article:modified_time\" content=\"2026-04-06T10:14:26+00:00\" \/>\n<meta property=\"og:image\" content=\"https:\/\/allomouton.com\/mag\/wp-content\/uploads\/2026\/01\/prenom-compagnons.png\" \/>\n\t<meta property=\"og:image:width\" content=\"677\" \/>\n\t<meta property=\"og:image:height\" content=\"625\" \/>\n\t<meta property=\"og:image:type\" content=\"image\/png\" \/>\n<meta name=\"author\" content=\"allomouton\" \/>\n<meta name=\"twitter:card\" content=\"summary_large_image\" \/>\n<meta name=\"twitter:label1\" content=\"\u00c9crit par\" \/>\n\t<meta name=\"twitter:data1\" content=\"allomouton\" \/>\n\t<meta name=\"twitter:label2\" content=\"Dur\u00e9e de lecture estim\u00e9e\" \/>\n\t<meta name=\"twitter:data2\" content=\"4 minutes\" \/>\n<script type=\"application\/ld+json\" class=\"yoast-schema-graph\">{\"@context\":\"https:\/\/schema.org\",\"@graph\":[{\"@type\":\"Article\",\"@id\":\"https:\/\/allomouton.com\/mag\/prenoms-compagnons-prophete\/#article\",\"isPartOf\":{\"@id\":\"https:\/\/allomouton.com\/mag\/prenoms-compagnons-prophete\/\"},\"author\":{\"name\":\"allomouton\",\"@id\":\"https:\/\/allomouton.com\/mag\/#\/schema\/person\/c33acb907e79701dff8a66d95cc71fca\"},\"headline\":\"Pr\u00e9noms des compagnons du Proph\u00e8te \ufdfa : id\u00e9es de pr\u00e9noms musulmans riches de sens et d\u2019histoire\",\"datePublished\":\"2026-01-19T12:10:07+00:00\",\"dateModified\":\"2026-04-06T10:14:26+00:00\",\"mainEntityOfPage\":{\"@id\":\"https:\/\/allomouton.com\/mag\/prenoms-compagnons-prophete\/\"},\"wordCount\":892,\"publisher\":{\"@id\":\"https:\/\/allomouton.com\/mag\/#organization\"},\"image\":{\"@id\":\"https:\/\/allomouton.com\/mag\/prenoms-compagnons-prophete\/#primaryimage\"},\"thumbnailUrl\":\"https:\/\/allomouton.com\/mag\/wp-content\/uploads\/2026\/01\/prenom-compagnons.png\",\"articleSection\":[\"Pr\u00e9noms Musulmans\"],\"inLanguage\":\"fr-FR\"},{\"@type\":\"WebPage\",\"@id\":\"https:\/\/allomouton.com\/mag\/prenoms-compagnons-prophete\/\",\"url\":\"https:\/\/allomouton.com\/mag\/prenoms-compagnons-prophete\/\",\"name\":\"Pr\u00e9noms des compagnons du Proph\u00e8te \ufdfa : id\u00e9es de pr\u00e9noms musulmans riches de sens et d\u2019histoire | Allo-Mouton\",\"isPartOf\":{\"@id\":\"https:\/\/allomouton.com\/mag\/#website\"},\"primaryImageOfPage\":{\"@id\":\"https:\/\/allomouton.com\/mag\/prenoms-compagnons-prophete\/#primaryimage\"},\"image\":{\"@id\":\"https:\/\/allomouton.com\/mag\/prenoms-compagnons-prophete\/#primaryimage\"},\"thumbnailUrl\":\"https:\/\/allomouton.com\/mag\/wp-content\/uploads\/2026\/01\/prenom-compagnons.png\",\"datePublished\":\"2026-01-19T12:10:07+00:00\",\"dateModified\":\"2026-04-06T10:14:26+00:00\",\"description\":\"Pr\u00e9noms des compagnons du Proph\u00e8te \ufdfa : id\u00e9es de pr\u00e9noms musulmans riches de sens et d\u2019histoire D\u00e9couvrez les conseils d'Allo Mouton pour r\u00e9ussir vos \u00e9v\u00e8nements importants (Aqiqa, Aid el Adha...)\",\"breadcrumb\":{\"@id\":\"https:\/\/allomouton.com\/mag\/prenoms-compagnons-prophete\/#breadcrumb\"},\"inLanguage\":\"fr-FR\",\"potentialAction\":[{\"@type\":\"ReadAction\",\"target\":[\"https:\/\/allomouton.com\/mag\/prenoms-compagnons-prophete\/\"]}]},{\"@type\":\"ImageObject\",\"inLanguage\":\"fr-FR\",\"@id\":\"https:\/\/allomouton.com\/mag\/prenoms-compagnons-prophete\/#primaryimage\",\"url\":\"https:\/\/allomouton.com\/mag\/wp-content\/uploads\/2026\/01\/prenom-compagnons.png\",\"contentUrl\":\"https:\/\/allomouton.com\/mag\/wp-content\/uploads\/2026\/01\/prenom-compagnons.png\",\"width\":677,\"height\":625,\"caption\":\"prenoms compagnons prophete\"},{\"@type\":\"BreadcrumbList\",\"@id\":\"https:\/\/allomouton.com\/mag\/prenoms-compagnons-prophete\/#breadcrumb\",\"itemListElement\":[{\"@type\":\"ListItem\",\"position\":1,\"name\":\"Le Mag\",\"item\":\"https:\/\/allomouton.com\/mag\/\"},{\"@type\":\"ListItem\",\"position\":2,\"name\":\"Parentalit\u00e9 en Islam\",\"item\":\"https:\/\/allomouton.com\/mag\/category\/parentalite\/\"},{\"@type\":\"ListItem\",\"position\":3,\"name\":\"Pr\u00e9noms Musulmans\",\"item\":\"https:\/\/allomouton.com\/mag\/category\/parentalite\/prenoms-musulmans\/\"},{\"@type\":\"ListItem\",\"position\":4,\"name\":\"Pr\u00e9noms des compagnons du Proph\u00e8te \ufdfa : id\u00e9es de pr\u00e9noms musulmans riches de sens et d\u2019histoire\"}]},{\"@type\":\"WebSite\",\"@id\":\"https:\/\/allomouton.com\/mag\/#website\",\"url\":\"https:\/\/allomouton.com\/mag\/\",\"name\":\"Le Mag par Allo Mouton\",\"description\":\"\",\"publisher\":{\"@id\":\"https:\/\/allomouton.com\/mag\/#organization\"},\"potentialAction\":[{\"@type\":\"SearchAction\",\"target\":{\"@type\":\"EntryPoint\",\"urlTemplate\":\"https:\/\/allomouton.com\/mag\/?s={search_term_string}\"},\"query-input\":{\"@type\":\"PropertyValueSpecification\",\"valueRequired\":true,\"valueName\":\"search_term_string\"}}],\"inLanguage\":\"fr-FR\"},{\"@type\":\"Organization\",\"@id\":\"https:\/\/allomouton.com\/mag\/#organization\",\"name\":\"Le Mag par Allo Mouton\",\"url\":\"https:\/\/allomouton.com\/mag\/\",\"logo\":{\"@type\":\"ImageObject\",\"inLanguage\":\"fr-FR\",\"@id\":\"https:\/\/allomouton.com\/mag\/#\/schema\/logo\/image\/\",\"url\":\"https:\/\/allomouton.com\/mag\/wp-content\/uploads\/2025\/02\/Logo-AM-2025-Site.png\",\"contentUrl\":\"https:\/\/allomouton.com\/mag\/wp-content\/uploads\/2025\/02\/Logo-AM-2025-Site.png\",\"width\":251,\"height\":156,\"caption\":\"Le Mag par Allo Mouton\"},\"image\":{\"@id\":\"https:\/\/allomouton.com\/mag\/#\/schema\/logo\/image\/\"}},{\"@type\":\"Person\",\"@id\":\"https:\/\/allomouton.com\/mag\/#\/schema\/person\/c33acb907e79701dff8a66d95cc71fca\",\"name\":\"allomouton\",\"image\":{\"@type\":\"ImageObject\",\"inLanguage\":\"fr-FR\",\"@id\":\"https:\/\/allomouton.com\/mag\/#\/schema\/person\/image\/\",\"url\":\"https:\/\/secure.gravatar.com\/avatar\/be16393b5bdfbc043ccf2fc462d746fa3a27c984b49a6489735b8894ef584254?s=96&d=mm&r=g\",\"contentUrl\":\"https:\/\/secure.gravatar.com\/avatar\/be16393b5bdfbc043ccf2fc462d746fa3a27c984b49a6489735b8894ef584254?s=96&d=mm&r=g\",\"caption\":\"allomouton\"},\"sameAs\":[\"http:\/\/allomouton.com\"]}]}<\/script>\n<!-- \/ Yoast SEO plugin. -->","yoast_head_json":{"title":"Pr\u00e9noms des compagnons du Proph\u00e8te \ufdfa : id\u00e9es de pr\u00e9noms musulmans riches de sens et d\u2019histoire | Allo-Mouton","description":"Pr\u00e9noms des compagnons du Proph\u00e8te \ufdfa : id\u00e9es de pr\u00e9noms musulmans riches de sens et d\u2019histoire D\u00e9couvrez les conseils d'Allo Mouton pour r\u00e9ussir vos \u00e9v\u00e8nements importants (Aqiqa, Aid el Adha...)","robots":{"index":"index","follow":"follow","max-snippet":"max-snippet:-1","max-image-preview":"max-image-preview:large","max-video-preview":"max-video-preview:-1"},"canonical":"https:\/\/allomouton.com\/mag\/prenoms-compagnons-prophete\/","og_locale":"fr_FR","og_type":"article","og_title":"Pr\u00e9noms des compagnons du Proph\u00e8te \ufdfa : id\u00e9es de pr\u00e9noms musulmans riches de sens et d\u2019histoire | Allo-Mouton","og_description":"Pr\u00e9noms des compagnons du Proph\u00e8te \ufdfa : id\u00e9es de pr\u00e9noms musulmans riches de sens et d\u2019histoire D\u00e9couvrez les conseils d'Allo Mouton pour r\u00e9ussir vos \u00e9v\u00e8nements importants (Aqiqa, Aid el Adha...)","og_url":"https:\/\/allomouton.com\/mag\/prenoms-compagnons-prophete\/","og_site_name":"Le Mag Par Allo-Mouton","article_published_time":"2026-01-19T12:10:07+00:00","article_modified_time":"2026-04-06T10:14:26+00:00","og_image":[{"width":677,"height":625,"url":"https:\/\/allomouton.com\/mag\/wp-content\/uploads\/2026\/01\/prenom-compagnons.png","type":"image\/png"}],"author":"allomouton","twitter_card":"summary_large_image","twitter_misc":{"\u00c9crit par":"allomouton","Dur\u00e9e de lecture estim\u00e9e":"4 minutes"},"schema":{"@context":"https:\/\/schema.org","@graph":[{"@type":"Article","@id":"https:\/\/allomouton.com\/mag\/prenoms-compagnons-prophete\/#article","isPartOf":{"@id":"https:\/\/allomouton.com\/mag\/prenoms-compagnons-prophete\/"},"author":{"name":"allomouton","@id":"https:\/\/allomouton.com\/mag\/#\/schema\/person\/c33acb907e79701dff8a66d95cc71fca"},"headline":"Pr\u00e9noms des compagnons du Proph\u00e8te \ufdfa : id\u00e9es de pr\u00e9noms musulmans riches de sens et d\u2019histoire","datePublished":"2026-01-19T12:10:07+00:00","dateModified":"2026-04-06T10:14:26+00:00","mainEntityOfPage":{"@id":"https:\/\/allomouton.com\/mag\/prenoms-compagnons-prophete\/"},"wordCount":892,"publisher":{"@id":"https:\/\/allomouton.com\/mag\/#organization"},"image":{"@id":"https:\/\/allomouton.com\/mag\/prenoms-compagnons-prophete\/#primaryimage"},"thumbnailUrl":"https:\/\/allomouton.com\/mag\/wp-content\/uploads\/2026\/01\/prenom-compagnons.png","articleSection":["Pr\u00e9noms Musulmans"],"inLanguage":"fr-FR"},{"@type":"WebPage","@id":"https:\/\/allomouton.com\/mag\/prenoms-compagnons-prophete\/","url":"https:\/\/allomouton.com\/mag\/prenoms-compagnons-prophete\/","name":"Pr\u00e9noms des compagnons du Proph\u00e8te \ufdfa : id\u00e9es de pr\u00e9noms musulmans riches de sens et d\u2019histoire | Allo-Mouton","isPartOf":{"@id":"https:\/\/allomouton.com\/mag\/#website"},"primaryImageOfPage":{"@id":"https:\/\/allomouton.com\/mag\/prenoms-compagnons-prophete\/#primaryimage"},"image":{"@id":"https:\/\/allomouton.com\/mag\/prenoms-compagnons-prophete\/#primaryimage"},"thumbnailUrl":"https:\/\/allomouton.com\/mag\/wp-content\/uploads\/2026\/01\/prenom-compagnons.png","datePublished":"2026-01-19T12:10:07+00:00","dateModified":"2026-04-06T10:14:26+00:00","description":"Pr\u00e9noms des compagnons du Proph\u00e8te \ufdfa : id\u00e9es de pr\u00e9noms musulmans riches de sens et d\u2019histoire D\u00e9couvrez les conseils d'Allo Mouton pour r\u00e9ussir vos \u00e9v\u00e8nements importants (Aqiqa, Aid el Adha...)","breadcrumb":{"@id":"https:\/\/allomouton.com\/mag\/prenoms-compagnons-prophete\/#breadcrumb"},"inLanguage":"fr-FR","potentialAction":[{"@type":"ReadAction","target":["https:\/\/allomouton.com\/mag\/prenoms-compagnons-prophete\/"]}]},{"@type":"ImageObject","inLanguage":"fr-FR","@id":"https:\/\/allomouton.com\/mag\/prenoms-compagnons-prophete\/#primaryimage","url":"https:\/\/allomouton.com\/mag\/wp-content\/uploads\/2026\/01\/prenom-compagnons.png","contentUrl":"https:\/\/allomouton.com\/mag\/wp-content\/uploads\/2026\/01\/prenom-compagnons.png","width":677,"height":625,"caption":"prenoms compagnons prophete"},{"@type":"BreadcrumbList","@id":"https:\/\/allomouton.com\/mag\/prenoms-compagnons-prophete\/#breadcrumb","itemListElement":[{"@type":"ListItem","position":1,"name":"Le Mag","item":"https:\/\/allomouton.com\/mag\/"},{"@type":"ListItem","position":2,"name":"Parentalit\u00e9 en Islam","item":"https:\/\/allomouton.com\/mag\/category\/parentalite\/"},{"@type":"ListItem","position":3,"name":"Pr\u00e9noms Musulmans","item":"https:\/\/allomouton.com\/mag\/category\/parentalite\/prenoms-musulmans\/"},{"@type":"ListItem","position":4,"name":"Pr\u00e9noms des compagnons du Proph\u00e8te \ufdfa : id\u00e9es de pr\u00e9noms musulmans riches de sens et d\u2019histoire"}]},{"@type":"WebSite","@id":"https:\/\/allomouton.com\/mag\/#website","url":"https:\/\/allomouton.com\/mag\/","name":"Le Mag par Allo Mouton","description":"","publisher":{"@id":"https:\/\/allomouton.com\/mag\/#organization"},"potentialAction":[{"@type":"SearchAction","target":{"@type":"EntryPoint","urlTemplate":"https:\/\/allomouton.com\/mag\/?s={search_term_string}"},"query-input":{"@type":"PropertyValueSpecification","valueRequired":true,"valueName":"search_term_string"}}],"inLanguage":"fr-FR"},{"@type":"Organization","@id":"https:\/\/allomouton.com\/mag\/#organization","name":"Le Mag par Allo Mouton","url":"https:\/\/allomouton.com\/mag\/","logo":{"@type":"ImageObject","inLanguage":"fr-FR","@id":"https:\/\/allomouton.com\/mag\/#\/schema\/logo\/image\/","url":"https:\/\/allomouton.com\/mag\/wp-content\/uploads\/2025\/02\/Logo-AM-2025-Site.png","contentUrl":"https:\/\/allomouton.com\/mag\/wp-content\/uploads\/2025\/02\/Logo-AM-2025-Site.png","width":251,"height":156,"caption":"Le Mag par Allo Mouton"},"image":{"@id":"https:\/\/allomouton.com\/mag\/#\/schema\/logo\/image\/"}},{"@type":"Person","@id":"https:\/\/allomouton.com\/mag\/#\/schema\/person\/c33acb907e79701dff8a66d95cc71fca","name":"allomouton","image":{"@type":"ImageObject","inLanguage":"fr-FR","@id":"https:\/\/allomouton.com\/mag\/#\/schema\/person\/image\/","url":"https:\/\/secure.gravatar.com\/avatar\/be16393b5bdfbc043ccf2fc462d746fa3a27c984b49a6489735b8894ef584254?s=96&d=mm&r=g","contentUrl":"https:\/\/secure.gravatar.com\/avatar\/be16393b5bdfbc043ccf2fc462d746fa3a27c984b49a6489735b8894ef584254?s=96&d=mm&r=g","caption":"allomouton"},"sameAs":["http:\/\/allomouton.com"]}]}},"_links":{"self":[{"href":"https:\/\/allomouton.com\/mag\/wp-json\/wp\/v2\/posts\/5034","targetHints":{"allow":["GET"]}}],"collection":[{"href":"https:\/\/allomouton.com\/mag\/wp-json\/wp\/v2\/posts"}],"about":[{"href":"https:\/\/allomouton.com\/mag\/wp-json\/wp\/v2\/types\/post"}],"author":[{"embeddable":true,"href":"https:\/\/allomouton.com\/mag\/wp-json\/wp\/v2\/users\/3"}],"replies":[{"embeddable":true,"href":"https:\/\/allomouton.com\/mag\/wp-json\/wp\/v2\/comments?post=5034"}],"version-history":[{"count":15,"href":"https:\/\/allomouton.com\/mag\/wp-json\/wp\/v2\/posts\/5034\/revisions"}],"predecessor-version":[{"id":5787,"href":"https:\/\/allomouton.com\/mag\/wp-json\/wp\/v2\/posts\/5034\/revisions\/5787"}],"wp:featuredmedia":[{"embeddable":true,"href":"https:\/\/allomouton.com\/mag\/wp-json\/wp\/v2\/media\/5036"}],"wp:attachment":[{"href":"https:\/\/allomouton.com\/mag\/wp-json\/wp\/v2\/media?parent=5034"}],"wp:term":[{"taxonomy":"category","embeddable":true,"href":"https:\/\/allomouton.com\/mag\/wp-json\/wp\/v2\/categories?post=5034"},{"taxonomy":"post_tag","embeddable":true,"href":"https:\/\/allomouton.com\/mag\/wp-json\/wp\/v2\/tags?post=5034"}],"curies":[{"name":"wp","href":"https:\/\/api.w.org\/{rel}","templated":true}]}}